{"id":9395,"date":"2023-06-12T10:43:18","date_gmt":"2023-06-12T08:43:18","guid":{"rendered":"https:\/\/agora.xtec.cat\/ceipmisericordia-reus\/?p=9395"},"modified":"2023-06-12T10:43:18","modified_gmt":"2023-06-12T08:43:18","slug":"sortida-cultural-alcover","status":"publish","type":"post","link":"https:\/\/agora.xtec.cat\/ceipmisericordia-reus\/general\/sortida-cultural-alcover\/","title":{"rendered":"SORTIDA CULTURAL ALCOVER"},"content":{"rendered":"<p>El passat dijous dia 8 de juny, els alumnes de cicle inicial van visitar el Museu d&#8217;Alcover, on vam con\u00e8ixer la hist\u00f2ria del Peix Pedra. L&#8217;activitat va ser molt interessant. Els van ensenyar com es formen els f\u00f2ssils i com eren les nostres contrades fa milions d&#8217;anys. Tamb\u00e9 van poder fer el seu propi f\u00f2ssil del peix pedra,\u00a0que va existir a les muntanyes d&#8217;Alcover , fa milions d\u2019anys, quan tota la zona era mar.<br \/>\nPer completar la visita, vam visitar la Biblioteca d&#8217;Alcover, molt acollidora i atractiva.<br \/>\nTot plegat un dia molt profit\u00f3s i divertit.<\/p>\n<p><a href=\"https:\/\/agora.xtec.cat\/ceipmisericordia-reus\/wp-content\/uploads\/usu2066\/2023\/06\/8.png\"><img loading=\"lazy\" decoding=\"async\" class=\"size-medium wp-image-9396 alignleft\" src=\"https:\/\/agora.xtec.cat\/ceipmisericordia-reus\/wp-content\/uploads\/usu2066\/2023\/06\/8-246x300.png\" alt=\"\" width=\"246\" height=\"300\" srcset=\"https:\/\/agora.xtec.cat\/ceipmisericordia-reus\/wp-content\/uploads\/usu2066\/2023\/06\/8-246x300.png 246w, https:\/\/agora.xtec.cat\/ceipmisericordia-reus\/wp-content\/uploads\/usu2066\/2023\/06\/8.png 589w\" sizes=\"auto, (max-width: 246px) 100vw, 246px\" \/><\/a><\/p>\n","protected":false},"excerpt":{"rendered":"<p>El passat dijous dia 8 de juny, els alumnes de cicle inicial van visitar el Museu d&#8217;Alcover, on vam con\u00e8ixer la hist\u00f2ria del Peix Pedra. L&#8217;activitat va ser molt interessant. Els van ensenyar com es formen els f\u00f2ssils i com eren les nostres contrades fa&hellip;  <a href=\"https:\/\/agora.xtec.cat\/ceipmisericordia-reus\/general\/sortida-cultural-alcover\/\" title=\"Read SORTIDA CULTURAL ALCOVER\">Llegeix m\u00e9s\u00bb<\/a><\/p>\n","protected":false},"author":4,"featured_media":0,"comment_status":"open","ping_status":"closed","sticky":false,"template":"","format":"standard","meta":{"_bbp_topic_count":0,"_bbp_reply_count":0,"_bbp_total_topic_count":0,"_bbp_total_reply_count":0,"_bbp_voice_count":0,"_bbp_anonymous_reply_count":0,"_bbp_topic_count_hidden":0,"_bbp_reply_count_hidden":0,"_bbp_forum_subforum_count":0,"footnotes":""},"categories":[10,11,74,91,1,4,5],"tags":[125,236,372,371],"class_list":["post-9395","post","type-post","status-publish","format-standard","hentry","category-1r","category-2n","category-cicle-inicial","category-ed-primaria","category-general","category-portada","category-primaria","tag-escolamisericordiadereus","tag-monmisericordia","tag-peixpedra","tag-sortidaalcover"],"post_mailing_queue_ids":[],"_links":{"self":[{"href":"https:\/\/agora.xtec.cat\/ceipmisericordia-reus\/wp-json\/wp\/v2\/posts\/9395","targetHints":{"allow":["GET"]}}],"collection":[{"href":"https:\/\/agora.xtec.cat\/ceipmisericordia-reus\/wp-json\/wp\/v2\/posts"}],"about":[{"href":"https:\/\/agora.xtec.cat\/ceipmisericordia-reus\/wp-json\/wp\/v2\/types\/post"}],"author":[{"embeddable":true,"href":"https:\/\/agora.xtec.cat\/ceipmisericordia-reus\/wp-json\/wp\/v2\/users\/4"}],"replies":[{"embeddable":true,"href":"https:\/\/agora.xtec.cat\/ceipmisericordia-reus\/wp-json\/wp\/v2\/comments?post=9395"}],"version-history":[{"count":1,"href":"https:\/\/agora.xtec.cat\/ceipmisericordia-reus\/wp-json\/wp\/v2\/posts\/9395\/revisions"}],"predecessor-version":[{"id":9397,"href":"https:\/\/agora.xtec.cat\/ceipmisericordia-reus\/wp-json\/wp\/v2\/posts\/9395\/revisions\/9397"}],"wp:attachment":[{"href":"https:\/\/agora.xtec.cat\/ceipmisericordia-reus\/wp-json\/wp\/v2\/media?parent=9395"}],"wp:term":[{"taxonomy":"category","embeddable":true,"href":"https:\/\/agora.xtec.cat\/ceipmisericordia-reus\/wp-json\/wp\/v2\/categories?post=9395"},{"taxonomy":"post_tag","embeddable":true,"href":"https:\/\/agora.xtec.cat\/ceipmisericordia-reus\/wp-json\/wp\/v2\/tags?post=9395"}],"curies":[{"name":"wp","href":"https:\/\/api.w.org\/{rel}","templated":true}]}}