{"id":9389,"date":"2023-06-12T10:05:58","date_gmt":"2023-06-12T08:05:58","guid":{"rendered":"https:\/\/agora.xtec.cat\/ceipmisericordia-reus\/?p=9389"},"modified":"2023-06-12T10:05:58","modified_gmt":"2023-06-12T08:05:58","slug":"gracies-sheila","status":"publish","type":"post","link":"https:\/\/agora.xtec.cat\/ceipmisericordia-reus\/general\/gracies-sheila\/","title":{"rendered":"GR\u00c0CIES SHEILA"},"content":{"rendered":"<p>Avui ens acomiadem de la\u00a0<span class=\"hiddenSpellError\">Sheila<\/span>, que durant aquest curs hem tingut la sort de tenir-la de pr\u00e0ctiques. Moltes gr\u00e0cies per tots aquests dies, esperem que hagis apr\u00e8s moltes coses amb nosaltres, perqu\u00e8 nosaltres hem apr\u00e8s moltes coses amb tu! Ets una gran professional i ben segur que ser\u00e0s una molt bona mestra. Molta sort en aquesta nova etapa que est\u00e0 per venir. Ha sigut un plaer coincidir amb tu.<\/p>\n<p><a href=\"https:\/\/agora.xtec.cat\/ceipmisericordia-reus\/wp-content\/uploads\/usu2066\/2023\/06\/2-1.png\"><img loading=\"lazy\" decoding=\"async\" class=\"size-medium wp-image-9390 alignleft\" src=\"https:\/\/agora.xtec.cat\/ceipmisericordia-reus\/wp-content\/uploads\/usu2066\/2023\/06\/2-1-225x300.png\" alt=\"\" width=\"225\" height=\"300\" srcset=\"https:\/\/agora.xtec.cat\/ceipmisericordia-reus\/wp-content\/uploads\/usu2066\/2023\/06\/2-1-225x300.png 225w, https:\/\/agora.xtec.cat\/ceipmisericordia-reus\/wp-content\/uploads\/usu2066\/2023\/06\/2-1.png 562w\" sizes=\"auto, (max-width: 225px) 100vw, 225px\" \/><\/a><\/p>\n","protected":false},"excerpt":{"rendered":"<p>Avui ens acomiadem de la\u00a0Sheila, que durant aquest curs hem tingut la sort de tenir-la de pr\u00e0ctiques. Moltes gr\u00e0cies per tots aquests dies, esperem que hagis apr\u00e8s moltes coses amb nosaltres, perqu\u00e8 nosaltres hem apr\u00e8s moltes coses amb tu! Ets una gran professional i ben&hellip;  <a href=\"https:\/\/agora.xtec.cat\/ceipmisericordia-reus\/general\/gracies-sheila\/\" title=\"Read GR\u00c0CIES SHEILA\">Llegeix m\u00e9s\u00bb<\/a><\/p>\n","protected":false},"author":4,"featured_media":0,"comment_status":"open","ping_status":"closed","sticky":false,"template":"","format":"standard","meta":{"_bbp_topic_count":0,"_bbp_reply_count":0,"_bbp_total_topic_count":0,"_bbp_total_reply_count":0,"_bbp_voice_count":0,"_bbp_anonymous_reply_count":0,"_bbp_topic_count_hidden":0,"_bbp_reply_count_hidden":0,"_bbp_forum_subforum_count":0,"footnotes":""},"categories":[91,1,4],"tags":[125,236],"class_list":["post-9389","post","type-post","status-publish","format-standard","hentry","category-ed-primaria","category-general","category-portada","tag-escolamisericordiadereus","tag-monmisericordia"],"post_mailing_queue_ids":[],"_links":{"self":[{"href":"https:\/\/agora.xtec.cat\/ceipmisericordia-reus\/wp-json\/wp\/v2\/posts\/9389","targetHints":{"allow":["GET"]}}],"collection":[{"href":"https:\/\/agora.xtec.cat\/ceipmisericordia-reus\/wp-json\/wp\/v2\/posts"}],"about":[{"href":"https:\/\/agora.xtec.cat\/ceipmisericordia-reus\/wp-json\/wp\/v2\/types\/post"}],"author":[{"embeddable":true,"href":"https:\/\/agora.xtec.cat\/ceipmisericordia-reus\/wp-json\/wp\/v2\/users\/4"}],"replies":[{"embeddable":true,"href":"https:\/\/agora.xtec.cat\/ceipmisericordia-reus\/wp-json\/wp\/v2\/comments?post=9389"}],"version-history":[{"count":1,"href":"https:\/\/agora.xtec.cat\/ceipmisericordia-reus\/wp-json\/wp\/v2\/posts\/9389\/revisions"}],"predecessor-version":[{"id":9391,"href":"https:\/\/agora.xtec.cat\/ceipmisericordia-reus\/wp-json\/wp\/v2\/posts\/9389\/revisions\/9391"}],"wp:attachment":[{"href":"https:\/\/agora.xtec.cat\/ceipmisericordia-reus\/wp-json\/wp\/v2\/media?parent=9389"}],"wp:term":[{"taxonomy":"category","embeddable":true,"href":"https:\/\/agora.xtec.cat\/ceipmisericordia-reus\/wp-json\/wp\/v2\/categories?post=9389"},{"taxonomy":"post_tag","embeddable":true,"href":"https:\/\/agora.xtec.cat\/ceipmisericordia-reus\/wp-json\/wp\/v2\/tags?post=9389"}],"curies":[{"name":"wp","href":"https:\/\/api.w.org\/{rel}","templated":true}]}}