{"id":9371,"date":"2023-06-05T10:02:34","date_gmt":"2023-06-05T08:02:34","guid":{"rendered":"https:\/\/agora.xtec.cat\/ceipmisericordia-reus\/?p=9371"},"modified":"2023-06-05T10:02:34","modified_gmt":"2023-06-05T08:02:34","slug":"tercer-comite-ambiental","status":"publish","type":"post","link":"https:\/\/agora.xtec.cat\/ceipmisericordia-reus\/general\/tercer-comite-ambiental\/","title":{"rendered":"TERCER COMIT\u00c8 AMBIENTAL"},"content":{"rendered":"<p><span style=\"font-weight: 400;\">El dimarts 30 de maig, vam celebrar el tercer comit\u00e8 ambiental. En ell van participar alumnes de tots els cursos d\u2019infantil i prim\u00e0ria, on van explicar alguna activitat o projecte que han dut a terme a l\u2019aula al llarg d\u2019aquest tercer trimestre, tals com la import\u00e0ncia del reciclatge i les tres \u201cR\u201d, les fonts d\u2019energia renovables, el canvi clim\u00e0tic\u2026 aix\u00ed tamb\u00e9, ens van presentar qu\u00e8 era un ecosistema de butxaca, el projecte de les orenetes i tamb\u00e9 ens van plantejar una pregunta molt interessant: Qu\u00e8 \u00e9s millor? L\u2019aigua embotellada o la d&#8217;aixeta?<\/span><\/p>\n<p><span style=\"font-weight: 400;\">Molt bona feina! Enhorabona!<\/span><\/p>\n<p><a href=\"https:\/\/agora.xtec.cat\/ceipmisericordia-reus\/wp-content\/uploads\/usu2066\/2023\/06\/1-3.png\"><img loading=\"lazy\" decoding=\"async\" class=\"size-medium wp-image-9372 alignleft\" src=\"https:\/\/agora.xtec.cat\/ceipmisericordia-reus\/wp-content\/uploads\/usu2066\/2023\/06\/1-3-300x241.png\" alt=\"\" width=\"300\" height=\"241\" srcset=\"https:\/\/agora.xtec.cat\/ceipmisericordia-reus\/wp-content\/uploads\/usu2066\/2023\/06\/1-3-300x241.png 300w, https:\/\/agora.xtec.cat\/ceipmisericordia-reus\/wp-content\/uploads\/usu2066\/2023\/06\/1-3-768x617.png 768w, https:\/\/agora.xtec.cat\/ceipmisericordia-reus\/wp-content\/uploads\/usu2066\/2023\/06\/1-3.png 898w\" sizes=\"auto, (max-width: 300px) 100vw, 300px\" \/><\/a><\/p>\n<p>&nbsp;<\/p>\n<p>&nbsp;<\/p>\n","protected":false},"excerpt":{"rendered":"<p>El dimarts 30 de maig, vam celebrar el tercer comit\u00e8 ambiental. En ell van participar alumnes de tots els cursos d\u2019infantil i prim\u00e0ria, on van explicar alguna activitat o projecte que han dut a terme a l\u2019aula al llarg d\u2019aquest tercer trimestre, tals com la&hellip;  <a href=\"https:\/\/agora.xtec.cat\/ceipmisericordia-reus\/general\/tercer-comite-ambiental\/\" title=\"Read TERCER COMIT\u00c8 AMBIENTAL\">Llegeix m\u00e9s\u00bb<\/a><\/p>\n","protected":false},"author":4,"featured_media":0,"comment_status":"open","ping_status":"closed","sticky":false,"template":"","format":"standard","meta":{"_bbp_topic_count":0,"_bbp_reply_count":0,"_bbp_total_topic_count":0,"_bbp_total_reply_count":0,"_bbp_voice_count":0,"_bbp_anonymous_reply_count":0,"_bbp_topic_count_hidden":0,"_bbp_reply_count_hidden":0,"_bbp_forum_subforum_count":0,"footnotes":""},"categories":[92,70,90,91,1,4],"tags":[320,125,164,236,277,110],"class_list":["post-9371","post","type-post","status-publish","format-standard","hentry","category-activitats-al-centre","category-comite-ambiental","category-ed-infantil","category-ed-primaria","category-general","category-portada","tag-comiteambiental","tag-escolamisericordiadereus","tag-escolaverda","tag-monmisericordia","tag-primaria","tag-infantil"],"post_mailing_queue_ids":[],"_links":{"self":[{"href":"https:\/\/agora.xtec.cat\/ceipmisericordia-reus\/wp-json\/wp\/v2\/posts\/9371","targetHints":{"allow":["GET"]}}],"collection":[{"href":"https:\/\/agora.xtec.cat\/ceipmisericordia-reus\/wp-json\/wp\/v2\/posts"}],"about":[{"href":"https:\/\/agora.xtec.cat\/ceipmisericordia-reus\/wp-json\/wp\/v2\/types\/post"}],"author":[{"embeddable":true,"href":"https:\/\/agora.xtec.cat\/ceipmisericordia-reus\/wp-json\/wp\/v2\/users\/4"}],"replies":[{"embeddable":true,"href":"https:\/\/agora.xtec.cat\/ceipmisericordia-reus\/wp-json\/wp\/v2\/comments?post=9371"}],"version-history":[{"count":1,"href":"https:\/\/agora.xtec.cat\/ceipmisericordia-reus\/wp-json\/wp\/v2\/posts\/9371\/revisions"}],"predecessor-version":[{"id":9373,"href":"https:\/\/agora.xtec.cat\/ceipmisericordia-reus\/wp-json\/wp\/v2\/posts\/9371\/revisions\/9373"}],"wp:attachment":[{"href":"https:\/\/agora.xtec.cat\/ceipmisericordia-reus\/wp-json\/wp\/v2\/media?parent=9371"}],"wp:term":[{"taxonomy":"category","embeddable":true,"href":"https:\/\/agora.xtec.cat\/ceipmisericordia-reus\/wp-json\/wp\/v2\/categories?post=9371"},{"taxonomy":"post_tag","embeddable":true,"href":"https:\/\/agora.xtec.cat\/ceipmisericordia-reus\/wp-json\/wp\/v2\/tags?post=9371"}],"curies":[{"name":"wp","href":"https:\/\/api.w.org\/{rel}","templated":true}]}}