{"id":9368,"date":"2023-06-05T09:56:13","date_gmt":"2023-06-05T07:56:13","guid":{"rendered":"https:\/\/agora.xtec.cat\/ceipmisericordia-reus\/?p=9368"},"modified":"2023-06-05T09:56:13","modified_gmt":"2023-06-05T07:56:13","slug":"juguem-com-a-ledat-mitjana","status":"publish","type":"post","link":"https:\/\/agora.xtec.cat\/ceipmisericordia-reus\/general\/juguem-com-a-ledat-mitjana\/","title":{"rendered":"JUGUEM COM A L&#8217;EDAT MITJANA!"},"content":{"rendered":"<p><span style=\"font-weight: 400;\">Les nenes i els nens de la classe de 6\u00e8 van realitzar el Taller d\u2019ANS Educaci\u00f3 \u201cCom t\u2019imagines una Fira Medieval?\u201d i van descobrir curiositats de la societat de l\u2019\u00e8poca amb un joc de rols. A m\u00e9s, despr\u00e9s van poder gaudir de jocs tradicionals de l\u2019edat mitjana amb els companys i companyes i amb les fam\u00edlies que ens van acompanyar!<\/span><\/p>\n<p><a href=\"https:\/\/agora.xtec.cat\/ceipmisericordia-reus\/wp-content\/uploads\/usu2066\/2023\/06\/1-2.png\"><img loading=\"lazy\" decoding=\"async\" class=\"size-medium wp-image-9369 alignleft\" src=\"https:\/\/agora.xtec.cat\/ceipmisericordia-reus\/wp-content\/uploads\/usu2066\/2023\/06\/1-2-300x167.png\" alt=\"\" width=\"300\" height=\"167\" srcset=\"https:\/\/agora.xtec.cat\/ceipmisericordia-reus\/wp-content\/uploads\/usu2066\/2023\/06\/1-2-300x167.png 300w, https:\/\/agora.xtec.cat\/ceipmisericordia-reus\/wp-content\/uploads\/usu2066\/2023\/06\/1-2-768x428.png 768w, https:\/\/agora.xtec.cat\/ceipmisericordia-reus\/wp-content\/uploads\/usu2066\/2023\/06\/1-2.png 901w\" sizes=\"auto, (max-width: 300px) 100vw, 300px\" \/><\/a><\/p>\n<p>&nbsp;<\/p>\n<p>&nbsp;<\/p>\n","protected":false},"excerpt":{"rendered":"<p>Les nenes i els nens de la classe de 6\u00e8 van realitzar el Taller d\u2019ANS Educaci\u00f3 \u201cCom t\u2019imagines una Fira Medieval?\u201d i van descobrir curiositats de la societat de l\u2019\u00e8poca amb un joc de rols. A m\u00e9s, despr\u00e9s van poder gaudir de jocs tradicionals de&hellip;  <a href=\"https:\/\/agora.xtec.cat\/ceipmisericordia-reus\/general\/juguem-com-a-ledat-mitjana\/\" title=\"Read JUGUEM COM A L&#8217;EDAT MITJANA!\">Llegeix m\u00e9s\u00bb<\/a><\/p>\n","protected":false},"author":4,"featured_media":0,"comment_status":"open","ping_status":"closed","sticky":false,"template":"","format":"standard","meta":{"_bbp_topic_count":0,"_bbp_reply_count":0,"_bbp_total_topic_count":0,"_bbp_total_reply_count":0,"_bbp_voice_count":0,"_bbp_anonymous_reply_count":0,"_bbp_topic_count_hidden":0,"_bbp_reply_count_hidden":0,"_bbp_forum_subforum_count":0,"footnotes":""},"categories":[15,92,80,91,1,4],"tags":[366,125,236],"class_list":["post-9368","post","type-post","status-publish","format-standard","hentry","category-6e","category-activitats-al-centre","category-cicle-superior","category-ed-primaria","category-general","category-portada","tag-edatmitjana","tag-escolamisericordiadereus","tag-monmisericordia"],"post_mailing_queue_ids":[],"_links":{"self":[{"href":"https:\/\/agora.xtec.cat\/ceipmisericordia-reus\/wp-json\/wp\/v2\/posts\/9368","targetHints":{"allow":["GET"]}}],"collection":[{"href":"https:\/\/agora.xtec.cat\/ceipmisericordia-reus\/wp-json\/wp\/v2\/posts"}],"about":[{"href":"https:\/\/agora.xtec.cat\/ceipmisericordia-reus\/wp-json\/wp\/v2\/types\/post"}],"author":[{"embeddable":true,"href":"https:\/\/agora.xtec.cat\/ceipmisericordia-reus\/wp-json\/wp\/v2\/users\/4"}],"replies":[{"embeddable":true,"href":"https:\/\/agora.xtec.cat\/ceipmisericordia-reus\/wp-json\/wp\/v2\/comments?post=9368"}],"version-history":[{"count":1,"href":"https:\/\/agora.xtec.cat\/ceipmisericordia-reus\/wp-json\/wp\/v2\/posts\/9368\/revisions"}],"predecessor-version":[{"id":9370,"href":"https:\/\/agora.xtec.cat\/ceipmisericordia-reus\/wp-json\/wp\/v2\/posts\/9368\/revisions\/9370"}],"wp:attachment":[{"href":"https:\/\/agora.xtec.cat\/ceipmisericordia-reus\/wp-json\/wp\/v2\/media?parent=9368"}],"wp:term":[{"taxonomy":"category","embeddable":true,"href":"https:\/\/agora.xtec.cat\/ceipmisericordia-reus\/wp-json\/wp\/v2\/categories?post=9368"},{"taxonomy":"post_tag","embeddable":true,"href":"https:\/\/agora.xtec.cat\/ceipmisericordia-reus\/wp-json\/wp\/v2\/tags?post=9368"}],"curies":[{"name":"wp","href":"https:\/\/api.w.org\/{rel}","templated":true}]}}