{"id":9331,"date":"2023-05-24T09:56:21","date_gmt":"2023-05-24T07:56:21","guid":{"rendered":"https:\/\/agora.xtec.cat\/ceipmisericordia-reus\/?p=9331"},"modified":"2023-05-24T09:56:21","modified_gmt":"2023-05-24T07:56:21","slug":"escola-de-colors-2","status":"publish","type":"post","link":"https:\/\/agora.xtec.cat\/ceipmisericordia-reus\/general\/escola-de-colors-2\/","title":{"rendered":"ESCOLA DE COLORS"},"content":{"rendered":"<p>Mireu quin pati m\u00e9s colorit ens ha quedat! Aquest mes de maig, l\u2019artista Nuri Marin\u00e9, ens ha vingut ajudar a redecorar i donar color al pati, amb l\u2019ajuda i participaci\u00f3 de tot l\u2019alumnat de l\u2019escola. Junts hem descobert el gust per l\u2019art i la pintura, i a la vegada el treball col\u00b7laboratiu i en equip.\u00a0 El resultat ha estat tot un \u00e8xit, ja podem dir que ara l\u2019escola Miseric\u00f2rdia t\u00e9 tamb\u00e9 la nostra empremta.<\/p>\n<p><a href=\"https:\/\/agora.xtec.cat\/ceipmisericordia-reus\/wp-content\/uploads\/usu2066\/2023\/05\/1-9.png\"><img loading=\"lazy\" decoding=\"async\" class=\" wp-image-9332 alignleft\" src=\"https:\/\/agora.xtec.cat\/ceipmisericordia-reus\/wp-content\/uploads\/usu2066\/2023\/05\/1-9-126x300.png\" alt=\"\" width=\"156\" height=\"371\" \/><\/a><\/p>\n","protected":false},"excerpt":{"rendered":"<p>Mireu quin pati m\u00e9s colorit ens ha quedat! Aquest mes de maig, l\u2019artista Nuri Marin\u00e9, ens ha vingut ajudar a redecorar i donar color al pati, amb l\u2019ajuda i participaci\u00f3 de tot l\u2019alumnat de l\u2019escola. Junts hem descobert el gust per l\u2019art i la pintura,&hellip;  <a href=\"https:\/\/agora.xtec.cat\/ceipmisericordia-reus\/general\/escola-de-colors-2\/\" title=\"Read ESCOLA DE COLORS\">Llegeix m\u00e9s\u00bb<\/a><\/p>\n","protected":false},"author":4,"featured_media":0,"comment_status":"open","ping_status":"closed","sticky":false,"template":"","format":"standard","meta":{"_bbp_topic_count":0,"_bbp_reply_count":0,"_bbp_total_topic_count":0,"_bbp_total_reply_count":0,"_bbp_voice_count":0,"_bbp_anonymous_reply_count":0,"_bbp_topic_count_hidden":0,"_bbp_reply_count_hidden":0,"_bbp_forum_subforum_count":0,"footnotes":""},"categories":[92,1,4],"tags":[125,236,363,362],"class_list":["post-9331","post","type-post","status-publish","format-standard","hentry","category-activitats-al-centre","category-general","category-portada","tag-escolamisericordiadereus","tag-monmisericordia","tag-nuriamarine","tag-patidecolors"],"post_mailing_queue_ids":[],"_links":{"self":[{"href":"https:\/\/agora.xtec.cat\/ceipmisericordia-reus\/wp-json\/wp\/v2\/posts\/9331","targetHints":{"allow":["GET"]}}],"collection":[{"href":"https:\/\/agora.xtec.cat\/ceipmisericordia-reus\/wp-json\/wp\/v2\/posts"}],"about":[{"href":"https:\/\/agora.xtec.cat\/ceipmisericordia-reus\/wp-json\/wp\/v2\/types\/post"}],"author":[{"embeddable":true,"href":"https:\/\/agora.xtec.cat\/ceipmisericordia-reus\/wp-json\/wp\/v2\/users\/4"}],"replies":[{"embeddable":true,"href":"https:\/\/agora.xtec.cat\/ceipmisericordia-reus\/wp-json\/wp\/v2\/comments?post=9331"}],"version-history":[{"count":1,"href":"https:\/\/agora.xtec.cat\/ceipmisericordia-reus\/wp-json\/wp\/v2\/posts\/9331\/revisions"}],"predecessor-version":[{"id":9333,"href":"https:\/\/agora.xtec.cat\/ceipmisericordia-reus\/wp-json\/wp\/v2\/posts\/9331\/revisions\/9333"}],"wp:attachment":[{"href":"https:\/\/agora.xtec.cat\/ceipmisericordia-reus\/wp-json\/wp\/v2\/media?parent=9331"}],"wp:term":[{"taxonomy":"category","embeddable":true,"href":"https:\/\/agora.xtec.cat\/ceipmisericordia-reus\/wp-json\/wp\/v2\/categories?post=9331"},{"taxonomy":"post_tag","embeddable":true,"href":"https:\/\/agora.xtec.cat\/ceipmisericordia-reus\/wp-json\/wp\/v2\/tags?post=9331"}],"curies":[{"name":"wp","href":"https:\/\/api.w.org\/{rel}","templated":true}]}}