{"id":9305,"date":"2023-05-15T09:43:47","date_gmt":"2023-05-15T07:43:47","guid":{"rendered":"https:\/\/agora.xtec.cat\/ceipmisericordia-reus\/?p=9305"},"modified":"2023-05-15T09:43:58","modified_gmt":"2023-05-15T07:43:58","slug":"pintem-amb-xocolata","status":"publish","type":"post","link":"https:\/\/agora.xtec.cat\/ceipmisericordia-reus\/general\/pintem-amb-xocolata\/","title":{"rendered":"PINTEM AMB XOCOLATA"},"content":{"rendered":"<p><span style=\"font-weight: 400;\">Aquesta setmana els nens i les nenes d&#8217;I4 hem pintat amb xocolata i ens ha encantat. Hem pogut olorar-la, tastar-la una mica i finalment, l&#8217;hem fet servir per pintar. Hem tingut una tarda d&#8217;all\u00f2 m\u00e9s dol\u00e7a!\u00a0<\/span><\/p>\n<p><a href=\"https:\/\/agora.xtec.cat\/ceipmisericordia-reus\/wp-content\/uploads\/usu2066\/2023\/05\/1-6.png\"><img loading=\"lazy\" decoding=\"async\" class=\"size-medium wp-image-9306 alignleft\" src=\"https:\/\/agora.xtec.cat\/ceipmisericordia-reus\/wp-content\/uploads\/usu2066\/2023\/05\/1-6-258x300.png\" alt=\"\" width=\"258\" height=\"300\" srcset=\"https:\/\/agora.xtec.cat\/ceipmisericordia-reus\/wp-content\/uploads\/usu2066\/2023\/05\/1-6-258x300.png 258w, https:\/\/agora.xtec.cat\/ceipmisericordia-reus\/wp-content\/uploads\/usu2066\/2023\/05\/1-6.png 612w\" sizes=\"auto, (max-width: 258px) 100vw, 258px\" \/><\/a><\/p>\n","protected":false},"excerpt":{"rendered":"<p>Aquesta setmana els nens i les nenes d&#8217;I4 hem pintat amb xocolata i ens ha encantat. Hem pogut olorar-la, tastar-la una mica i finalment, l&#8217;hem fet servir per pintar. Hem tingut una tarda d&#8217;all\u00f2 m\u00e9s dol\u00e7a!\u00a0<br \/>\n<a href=\"https:\/\/agora.xtec.cat\/ceipmisericordia-reus\/wp-content\/uploads\/usu2066\/2023\/05\/1-6.png\"><\/a><\/p>\n","protected":false},"author":4,"featured_media":0,"comment_status":"open","ping_status":"closed","sticky":false,"template":"","format":"standard","meta":{"_bbp_topic_count":0,"_bbp_reply_count":0,"_bbp_total_topic_count":0,"_bbp_total_reply_count":0,"_bbp_voice_count":0,"_bbp_anonymous_reply_count":0,"_bbp_topic_count_hidden":0,"_bbp_reply_count_hidden":0,"_bbp_forum_subforum_count":0,"footnotes":""},"categories":[92,90,1,4,356],"tags":[125,236,357,110],"class_list":["post-9305","post","type-post","status-publish","format-standard","hentry","category-activitats-al-centre","category-ed-infantil","category-general","category-portada","category-xocolata","tag-escolamisericordiadereus","tag-monmisericordia","tag-pintemambxocolata","tag-infantil"],"post_mailing_queue_ids":[],"_links":{"self":[{"href":"https:\/\/agora.xtec.cat\/ceipmisericordia-reus\/wp-json\/wp\/v2\/posts\/9305","targetHints":{"allow":["GET"]}}],"collection":[{"href":"https:\/\/agora.xtec.cat\/ceipmisericordia-reus\/wp-json\/wp\/v2\/posts"}],"about":[{"href":"https:\/\/agora.xtec.cat\/ceipmisericordia-reus\/wp-json\/wp\/v2\/types\/post"}],"author":[{"embeddable":true,"href":"https:\/\/agora.xtec.cat\/ceipmisericordia-reus\/wp-json\/wp\/v2\/users\/4"}],"replies":[{"embeddable":true,"href":"https:\/\/agora.xtec.cat\/ceipmisericordia-reus\/wp-json\/wp\/v2\/comments?post=9305"}],"version-history":[{"count":2,"href":"https:\/\/agora.xtec.cat\/ceipmisericordia-reus\/wp-json\/wp\/v2\/posts\/9305\/revisions"}],"predecessor-version":[{"id":9308,"href":"https:\/\/agora.xtec.cat\/ceipmisericordia-reus\/wp-json\/wp\/v2\/posts\/9305\/revisions\/9308"}],"wp:attachment":[{"href":"https:\/\/agora.xtec.cat\/ceipmisericordia-reus\/wp-json\/wp\/v2\/media?parent=9305"}],"wp:term":[{"taxonomy":"category","embeddable":true,"href":"https:\/\/agora.xtec.cat\/ceipmisericordia-reus\/wp-json\/wp\/v2\/categories?post=9305"},{"taxonomy":"post_tag","embeddable":true,"href":"https:\/\/agora.xtec.cat\/ceipmisericordia-reus\/wp-json\/wp\/v2\/tags?post=9305"}],"curies":[{"name":"wp","href":"https:\/\/api.w.org\/{rel}","templated":true}]}}