{"id":9233,"date":"2023-04-24T16:51:22","date_gmt":"2023-04-24T14:51:22","guid":{"rendered":"https:\/\/agora.xtec.cat\/ceipmisericordia-reus\/?p=9233"},"modified":"2023-04-24T16:51:22","modified_gmt":"2023-04-24T14:51:22","slug":"festa-de-la-primavera","status":"publish","type":"post","link":"https:\/\/agora.xtec.cat\/ceipmisericordia-reus\/general\/festa-de-la-primavera\/","title":{"rendered":"FESTA DE LA PRIMAVERA"},"content":{"rendered":"<p>Avui hem celebrat la festa de la primavera! Hem fet el lliurament de premis dels jocs florals, hem gaudit de la cantata de can\u00e7ons i actuacions musicals de tots els alumnes des d&#8217;infantil fins a 6\u00e8 juntament amb participaci\u00f3 de la Coral de l&#8217;escola Miseric\u00f2rdia. Ens ho hem passat d&#8217;all\u00f2 m\u00e9s b\u00e9!<\/p>\n<p><a href=\"https:\/\/agora.xtec.cat\/ceipmisericordia-reus\/wp-content\/uploads\/usu2066\/2023\/04\/20.png\"><img loading=\"lazy\" decoding=\"async\" class=\"size-medium wp-image-9234 alignleft\" src=\"https:\/\/agora.xtec.cat\/ceipmisericordia-reus\/wp-content\/uploads\/usu2066\/2023\/04\/20-300x126.png\" alt=\"\" width=\"300\" height=\"126\" srcset=\"https:\/\/agora.xtec.cat\/ceipmisericordia-reus\/wp-content\/uploads\/usu2066\/2023\/04\/20-300x126.png 300w, https:\/\/agora.xtec.cat\/ceipmisericordia-reus\/wp-content\/uploads\/usu2066\/2023\/04\/20-1024x431.png 1024w, https:\/\/agora.xtec.cat\/ceipmisericordia-reus\/wp-content\/uploads\/usu2066\/2023\/04\/20-768x323.png 768w, https:\/\/agora.xtec.cat\/ceipmisericordia-reus\/wp-content\/uploads\/usu2066\/2023\/04\/20.png 1525w\" sizes=\"auto, (max-width: 300px) 100vw, 300px\" \/><\/a><\/p>\n","protected":false},"excerpt":{"rendered":"<p>Avui hem celebrat la festa de la primavera! Hem fet el lliurament de premis dels jocs florals, hem gaudit de la cantata de can\u00e7ons i actuacions musicals de tots els alumnes des d&#8217;infantil fins a 6\u00e8 juntament amb participaci\u00f3 de la Coral de l&#8217;escola Miseric\u00f2rdia.&hellip;  <a href=\"https:\/\/agora.xtec.cat\/ceipmisericordia-reus\/general\/festa-de-la-primavera\/\" title=\"Read FESTA DE LA PRIMAVERA\">Llegeix m\u00e9s\u00bb<\/a><\/p>\n","protected":false},"author":4,"featured_media":0,"comment_status":"open","ping_status":"closed","sticky":false,"template":"","format":"standard","meta":{"_bbp_topic_count":0,"_bbp_reply_count":0,"_bbp_total_topic_count":0,"_bbp_total_reply_count":0,"_bbp_voice_count":0,"_bbp_anonymous_reply_count":0,"_bbp_topic_count_hidden":0,"_bbp_reply_count_hidden":0,"_bbp_forum_subforum_count":0,"footnotes":""},"categories":[92,90,91,98,65,76,1,2,4,5],"tags":[198,125,351,236],"class_list":["post-9233","post","type-post","status-publish","format-standard","hentry","category-activitats-al-centre","category-ed-infantil","category-ed-primaria","category-familia","category-fem-coral","category-festes","category-general","category-infantil","category-portada","category-primaria","tag-coral","tag-escolamisericordiadereus","tag-festadelaprimavera","tag-monmisericordia"],"post_mailing_queue_ids":[],"_links":{"self":[{"href":"https:\/\/agora.xtec.cat\/ceipmisericordia-reus\/wp-json\/wp\/v2\/posts\/9233","targetHints":{"allow":["GET"]}}],"collection":[{"href":"https:\/\/agora.xtec.cat\/ceipmisericordia-reus\/wp-json\/wp\/v2\/posts"}],"about":[{"href":"https:\/\/agora.xtec.cat\/ceipmisericordia-reus\/wp-json\/wp\/v2\/types\/post"}],"author":[{"embeddable":true,"href":"https:\/\/agora.xtec.cat\/ceipmisericordia-reus\/wp-json\/wp\/v2\/users\/4"}],"replies":[{"embeddable":true,"href":"https:\/\/agora.xtec.cat\/ceipmisericordia-reus\/wp-json\/wp\/v2\/comments?post=9233"}],"version-history":[{"count":1,"href":"https:\/\/agora.xtec.cat\/ceipmisericordia-reus\/wp-json\/wp\/v2\/posts\/9233\/revisions"}],"predecessor-version":[{"id":9235,"href":"https:\/\/agora.xtec.cat\/ceipmisericordia-reus\/wp-json\/wp\/v2\/posts\/9233\/revisions\/9235"}],"wp:attachment":[{"href":"https:\/\/agora.xtec.cat\/ceipmisericordia-reus\/wp-json\/wp\/v2\/media?parent=9233"}],"wp:term":[{"taxonomy":"category","embeddable":true,"href":"https:\/\/agora.xtec.cat\/ceipmisericordia-reus\/wp-json\/wp\/v2\/categories?post=9233"},{"taxonomy":"post_tag","embeddable":true,"href":"https:\/\/agora.xtec.cat\/ceipmisericordia-reus\/wp-json\/wp\/v2\/tags?post=9233"}],"curies":[{"name":"wp","href":"https:\/\/api.w.org\/{rel}","templated":true}]}}