{"id":9211,"date":"2023-04-20T15:56:22","date_gmt":"2023-04-20T13:56:22","guid":{"rendered":"https:\/\/agora.xtec.cat\/ceipmisericordia-reus\/?p=9211"},"modified":"2023-04-20T15:56:22","modified_gmt":"2023-04-20T13:56:22","slug":"sortida-a-miravet","status":"publish","type":"post","link":"https:\/\/agora.xtec.cat\/ceipmisericordia-reus\/general\/sortida-a-miravet\/","title":{"rendered":"SORTIDA A MIRAVET"},"content":{"rendered":"<p>El passat 18 d\u2019abril, els alumnes de 5\u00e8 i 6\u00e8 van gaudir d\u2019una sortida a Miravet. All\u00ed van poder rec\u00f2rrer els distints carrers del poble i visitar les diferents depend\u00e8ncies del castell, des d\u2019on tenien una vista privilegiada del meandre del riu Ebre. A m\u00e9s, van aprendre d\u2019un mestre terrissaire.<br \/>\n<a href=\"https:\/\/agora.xtec.cat\/ceipmisericordia-reus\/wp-content\/uploads\/usu2066\/2023\/04\/foto-2-1.png\"><img loading=\"lazy\" decoding=\"async\" class=\"size-medium wp-image-9212 alignleft\" src=\"https:\/\/agora.xtec.cat\/ceipmisericordia-reus\/wp-content\/uploads\/usu2066\/2023\/04\/foto-2-1-300x165.png\" alt=\"\" width=\"300\" height=\"165\" srcset=\"https:\/\/agora.xtec.cat\/ceipmisericordia-reus\/wp-content\/uploads\/usu2066\/2023\/04\/foto-2-1-300x165.png 300w, https:\/\/agora.xtec.cat\/ceipmisericordia-reus\/wp-content\/uploads\/usu2066\/2023\/04\/foto-2-1-1024x564.png 1024w, https:\/\/agora.xtec.cat\/ceipmisericordia-reus\/wp-content\/uploads\/usu2066\/2023\/04\/foto-2-1-768x423.png 768w, https:\/\/agora.xtec.cat\/ceipmisericordia-reus\/wp-content\/uploads\/usu2066\/2023\/04\/foto-2-1.png 1279w\" sizes=\"auto, (max-width: 300px) 100vw, 300px\" \/><\/a><\/p>\n","protected":false},"excerpt":{"rendered":"<p>El passat 18 d\u2019abril, els alumnes de 5\u00e8 i 6\u00e8 van gaudir d\u2019una sortida a Miravet. All\u00ed van poder rec\u00f2rrer els distints carrers del poble i visitar les diferents depend\u00e8ncies del castell, des d\u2019on tenien una vista privilegiada del meandre del riu Ebre. A m\u00e9s,&hellip;  <a href=\"https:\/\/agora.xtec.cat\/ceipmisericordia-reus\/general\/sortida-a-miravet\/\" title=\"Read SORTIDA A MIRAVET\">Llegeix m\u00e9s\u00bb<\/a><\/p>\n","protected":false},"author":4,"featured_media":0,"comment_status":"open","ping_status":"closed","sticky":false,"template":"","format":"standard","meta":{"_bbp_topic_count":0,"_bbp_reply_count":0,"_bbp_total_topic_count":0,"_bbp_total_reply_count":0,"_bbp_voice_count":0,"_bbp_anonymous_reply_count":0,"_bbp_topic_count_hidden":0,"_bbp_reply_count_hidden":0,"_bbp_forum_subforum_count":0,"footnotes":""},"categories":[14,15,80,91,1,4,5],"tags":[284,125,236,346],"class_list":["post-9211","post","type-post","status-publish","format-standard","hentry","category-5e","category-6e","category-cicle-superior","category-ed-primaria","category-general","category-portada","category-primaria","tag-ciclesuperior","tag-escolamisericordiadereus","tag-monmisericordia","tag-sortidamiravet"],"post_mailing_queue_ids":[],"_links":{"self":[{"href":"https:\/\/agora.xtec.cat\/ceipmisericordia-reus\/wp-json\/wp\/v2\/posts\/9211","targetHints":{"allow":["GET"]}}],"collection":[{"href":"https:\/\/agora.xtec.cat\/ceipmisericordia-reus\/wp-json\/wp\/v2\/posts"}],"about":[{"href":"https:\/\/agora.xtec.cat\/ceipmisericordia-reus\/wp-json\/wp\/v2\/types\/post"}],"author":[{"embeddable":true,"href":"https:\/\/agora.xtec.cat\/ceipmisericordia-reus\/wp-json\/wp\/v2\/users\/4"}],"replies":[{"embeddable":true,"href":"https:\/\/agora.xtec.cat\/ceipmisericordia-reus\/wp-json\/wp\/v2\/comments?post=9211"}],"version-history":[{"count":1,"href":"https:\/\/agora.xtec.cat\/ceipmisericordia-reus\/wp-json\/wp\/v2\/posts\/9211\/revisions"}],"predecessor-version":[{"id":9213,"href":"https:\/\/agora.xtec.cat\/ceipmisericordia-reus\/wp-json\/wp\/v2\/posts\/9211\/revisions\/9213"}],"wp:attachment":[{"href":"https:\/\/agora.xtec.cat\/ceipmisericordia-reus\/wp-json\/wp\/v2\/media?parent=9211"}],"wp:term":[{"taxonomy":"category","embeddable":true,"href":"https:\/\/agora.xtec.cat\/ceipmisericordia-reus\/wp-json\/wp\/v2\/categories?post=9211"},{"taxonomy":"post_tag","embeddable":true,"href":"https:\/\/agora.xtec.cat\/ceipmisericordia-reus\/wp-json\/wp\/v2\/tags?post=9211"}],"curies":[{"name":"wp","href":"https:\/\/api.w.org\/{rel}","templated":true}]}}