{"id":9203,"date":"2023-04-20T11:25:40","date_gmt":"2023-04-20T09:25:40","guid":{"rendered":"https:\/\/agora.xtec.cat\/ceipmisericordia-reus\/?p=9203"},"modified":"2023-04-20T11:44:34","modified_gmt":"2023-04-20T09:44:34","slug":"ens-visita-en-joan-masdeu","status":"publish","type":"post","link":"https:\/\/agora.xtec.cat\/ceipmisericordia-reus\/general\/ens-visita-en-joan-masdeu\/","title":{"rendered":"ENS VISITA EN JOAN MASD\u00c9U"},"content":{"rendered":"<p>Ahir dia 19 d&#8217;abril els alumnes de 5\u00e8\u00a0 al Teatre Fortuny, vam tenir el plaer de con\u00e8ixer el m\u00fasic Joan Masd\u00e9u, compositor, cantant, guitarrista i actor Reusenc. Vam passar un mat\u00ed molt emocionant! Vam aprendre el proc\u00e9s de creaci\u00f3 d\u2019un disc, i vam interpretar diversos temes, per acabar, tots junts vam cantar la can\u00e7\u00f3 &#8220;Reus&#8221;.<\/p>\n<p><a href=\"https:\/\/agora.xtec.cat\/ceipmisericordia-reus\/wp-content\/uploads\/usu2066\/2023\/04\/foto-1.png\"><img loading=\"lazy\" decoding=\"async\" class=\"size-medium wp-image-9204 alignleft\" src=\"https:\/\/agora.xtec.cat\/ceipmisericordia-reus\/wp-content\/uploads\/usu2066\/2023\/04\/foto-1-300x189.png\" alt=\"\" width=\"300\" height=\"189\" srcset=\"https:\/\/agora.xtec.cat\/ceipmisericordia-reus\/wp-content\/uploads\/usu2066\/2023\/04\/foto-1-300x189.png 300w, https:\/\/agora.xtec.cat\/ceipmisericordia-reus\/wp-content\/uploads\/usu2066\/2023\/04\/foto-1-768x483.png 768w, https:\/\/agora.xtec.cat\/ceipmisericordia-reus\/wp-content\/uploads\/usu2066\/2023\/04\/foto-1.png 1021w\" sizes=\"auto, (max-width: 300px) 100vw, 300px\" \/><\/a><\/p>\n","protected":false},"excerpt":{"rendered":"<p>Ahir dia 19 d&#8217;abril els alumnes de 5\u00e8\u00a0 al Teatre Fortuny, vam tenir el plaer de con\u00e8ixer el m\u00fasic Joan Masd\u00e9u, compositor, cantant, guitarrista i actor Reusenc. Vam passar un mat\u00ed molt emocionant! Vam aprendre el proc\u00e9s de creaci\u00f3 d\u2019un disc, i vam interpretar diversos&hellip;  <a href=\"https:\/\/agora.xtec.cat\/ceipmisericordia-reus\/general\/ens-visita-en-joan-masdeu\/\" title=\"Read ENS VISITA EN JOAN MASD\u00c9U\">Llegeix m\u00e9s\u00bb<\/a><\/p>\n","protected":false},"author":4,"featured_media":0,"comment_status":"open","ping_status":"closed","sticky":false,"template":"","format":"standard","meta":{"_bbp_topic_count":0,"_bbp_reply_count":0,"_bbp_total_topic_count":0,"_bbp_total_reply_count":0,"_bbp_voice_count":0,"_bbp_anonymous_reply_count":0,"_bbp_topic_count_hidden":0,"_bbp_reply_count_hidden":0,"_bbp_forum_subforum_count":0,"footnotes":""},"categories":[14,80,91,98,1,4,5,225],"tags":[125,342,236,341,259,319],"class_list":["post-9203","post","type-post","status-publish","format-standard","hentry","category-5e","category-cicle-superior","category-ed-primaria","category-familia","category-general","category-portada","category-primaria","category-projecte-vincles","tag-escolamisericordiadereus","tag-joanmasdeu","tag-monmisericordia","tag-reuscultura","tag-teatrefortuny","tag-vincles"],"post_mailing_queue_ids":[],"_links":{"self":[{"href":"https:\/\/agora.xtec.cat\/ceipmisericordia-reus\/wp-json\/wp\/v2\/posts\/9203","targetHints":{"allow":["GET"]}}],"collection":[{"href":"https:\/\/agora.xtec.cat\/ceipmisericordia-reus\/wp-json\/wp\/v2\/posts"}],"about":[{"href":"https:\/\/agora.xtec.cat\/ceipmisericordia-reus\/wp-json\/wp\/v2\/types\/post"}],"author":[{"embeddable":true,"href":"https:\/\/agora.xtec.cat\/ceipmisericordia-reus\/wp-json\/wp\/v2\/users\/4"}],"replies":[{"embeddable":true,"href":"https:\/\/agora.xtec.cat\/ceipmisericordia-reus\/wp-json\/wp\/v2\/comments?post=9203"}],"version-history":[{"count":2,"href":"https:\/\/agora.xtec.cat\/ceipmisericordia-reus\/wp-json\/wp\/v2\/posts\/9203\/revisions"}],"predecessor-version":[{"id":9209,"href":"https:\/\/agora.xtec.cat\/ceipmisericordia-reus\/wp-json\/wp\/v2\/posts\/9203\/revisions\/9209"}],"wp:attachment":[{"href":"https:\/\/agora.xtec.cat\/ceipmisericordia-reus\/wp-json\/wp\/v2\/media?parent=9203"}],"wp:term":[{"taxonomy":"category","embeddable":true,"href":"https:\/\/agora.xtec.cat\/ceipmisericordia-reus\/wp-json\/wp\/v2\/categories?post=9203"},{"taxonomy":"post_tag","embeddable":true,"href":"https:\/\/agora.xtec.cat\/ceipmisericordia-reus\/wp-json\/wp\/v2\/tags?post=9203"}],"curies":[{"name":"wp","href":"https:\/\/api.w.org\/{rel}","templated":true}]}}