{"id":9197,"date":"2023-04-20T09:57:25","date_gmt":"2023-04-20T07:57:25","guid":{"rendered":"https:\/\/agora.xtec.cat\/ceipmisericordia-reus\/?p=9197"},"modified":"2023-04-20T09:57:25","modified_gmt":"2023-04-20T07:57:25","slug":"el-ritme-de-lescola-7","status":"publish","type":"post","link":"https:\/\/agora.xtec.cat\/ceipmisericordia-reus\/general\/el-ritme-de-lescola-7\/","title":{"rendered":"EL RITME DE L&#8217;ESCOLA"},"content":{"rendered":"<p>A partir del 25 d&#8217;abril el ritme de l&#8217;escola que ens acompanyar\u00e0 ser\u00e0 <span style=\"font-weight: 400;\">Back to School de Masaka Kids Africana una can\u00e7\u00f3 que transmet energia per comen\u00e7ar un bon dia d&#8217;escola. Els idiomes que escoltarem seran l&#8217;angl\u00e8s i el suahili.<\/span><\/p>\n<p><iframe loading=\"lazy\" title=\"Masaka Kids Africana - Back to School [Official Music Video]\" width=\"500\" height=\"281\" src=\"https:\/\/www.youtube.com\/embed\/Zbf79dFxpE8?feature=oembed\" frameborder=\"0\" allow=\"accelerometer; autoplay; clipboard-write; encrypted-media; gyroscope; picture-in-picture; web-share\" referrerpolicy=\"strict-origin-when-cross-origin\" allowfullscreen><\/iframe><\/p>\n<div class=\"entry-summary\">\n<p>Gaudiu-la!<\/p>\n<\/div>\n","protected":false},"excerpt":{"rendered":"<p>A partir del 25 d&#8217;abril el ritme de l&#8217;escola que ens acompanyar\u00e0 ser\u00e0 Back to School de Masaka Kids Africana una can\u00e7\u00f3 que transmet energia per comen\u00e7ar un bon dia d&#8217;escola. Els idiomes que escoltarem seran l&#8217;angl\u00e8s i el suahili.<\/p>\n<p>Gaudiu-la!<\/p>\n","protected":false},"author":4,"featured_media":0,"comment_status":"open","ping_status":"closed","sticky":false,"template":"","format":"standard","meta":{"_bbp_topic_count":0,"_bbp_reply_count":0,"_bbp_total_topic_count":0,"_bbp_total_reply_count":0,"_bbp_voice_count":0,"_bbp_anonymous_reply_count":0,"_bbp_topic_count_hidden":0,"_bbp_reply_count_hidden":0,"_bbp_forum_subforum_count":0,"footnotes":""},"categories":[226,1,4,5],"tags":[],"class_list":["post-9197","post","type-post","status-publish","format-standard","hentry","category-canco-quinzenal","category-general","category-portada","category-primaria"],"post_mailing_queue_ids":[],"_links":{"self":[{"href":"https:\/\/agora.xtec.cat\/ceipmisericordia-reus\/wp-json\/wp\/v2\/posts\/9197","targetHints":{"allow":["GET"]}}],"collection":[{"href":"https:\/\/agora.xtec.cat\/ceipmisericordia-reus\/wp-json\/wp\/v2\/posts"}],"about":[{"href":"https:\/\/agora.xtec.cat\/ceipmisericordia-reus\/wp-json\/wp\/v2\/types\/post"}],"author":[{"embeddable":true,"href":"https:\/\/agora.xtec.cat\/ceipmisericordia-reus\/wp-json\/wp\/v2\/users\/4"}],"replies":[{"embeddable":true,"href":"https:\/\/agora.xtec.cat\/ceipmisericordia-reus\/wp-json\/wp\/v2\/comments?post=9197"}],"version-history":[{"count":2,"href":"https:\/\/agora.xtec.cat\/ceipmisericordia-reus\/wp-json\/wp\/v2\/posts\/9197\/revisions"}],"predecessor-version":[{"id":9199,"href":"https:\/\/agora.xtec.cat\/ceipmisericordia-reus\/wp-json\/wp\/v2\/posts\/9197\/revisions\/9199"}],"wp:attachment":[{"href":"https:\/\/agora.xtec.cat\/ceipmisericordia-reus\/wp-json\/wp\/v2\/media?parent=9197"}],"wp:term":[{"taxonomy":"category","embeddable":true,"href":"https:\/\/agora.xtec.cat\/ceipmisericordia-reus\/wp-json\/wp\/v2\/categories?post=9197"},{"taxonomy":"post_tag","embeddable":true,"href":"https:\/\/agora.xtec.cat\/ceipmisericordia-reus\/wp-json\/wp\/v2\/tags?post=9197"}],"curies":[{"name":"wp","href":"https:\/\/api.w.org\/{rel}","templated":true}]}}