{"id":9111,"date":"2023-03-23T08:46:17","date_gmt":"2023-03-23T07:46:17","guid":{"rendered":"https:\/\/agora.xtec.cat\/ceipmisericordia-reus\/?p=9111"},"modified":"2023-03-23T08:46:17","modified_gmt":"2023-03-23T07:46:17","slug":"en-muneeb-a-les-olimpiades","status":"publish","type":"post","link":"https:\/\/agora.xtec.cat\/ceipmisericordia-reus\/general\/en-muneeb-a-les-olimpiades\/","title":{"rendered":"EN MUNEEB A LES OLIMP\u00cdADES!"},"content":{"rendered":"<p><span style=\"font-weight: 400;\">El dilluns 20 de mar\u00e7 en Muneeb, alumne de la classe de 5\u00e8, va representar la nostra escola a les Olimp\u00edades en la modalitat de 60 metres llisos. <\/span><span style=\"font-weight: 400;\">Tot i que no va poder passar a la fase final, va preparar la cursa amb moltes ganes i molta il\u00b7lusi\u00f3 i va demostrar tots els valors d\u2019un gran esportista: esfor\u00e7, superaci\u00f3 i respecte als companys&#8230; Per nosaltres \u00e9s tot un campi\u00f3!\u00a0<\/span><\/p>\n<p><span style=\"font-weight: 400;\"><a href=\"https:\/\/agora.xtec.cat\/ceipmisericordia-reus\/wp-content\/uploads\/usu2066\/2023\/03\/FOTO-5-1.png\"><img loading=\"lazy\" decoding=\"async\" class=\"size-medium wp-image-9112 alignleft\" src=\"https:\/\/agora.xtec.cat\/ceipmisericordia-reus\/wp-content\/uploads\/usu2066\/2023\/03\/FOTO-5-1-217x300.png\" alt=\"\" width=\"217\" height=\"300\" srcset=\"https:\/\/agora.xtec.cat\/ceipmisericordia-reus\/wp-content\/uploads\/usu2066\/2023\/03\/FOTO-5-1-217x300.png 217w, https:\/\/agora.xtec.cat\/ceipmisericordia-reus\/wp-content\/uploads\/usu2066\/2023\/03\/FOTO-5-1.png 463w\" sizes=\"auto, (max-width: 217px) 100vw, 217px\" \/><\/a>\u00a0<\/span><\/p>\n<p>&nbsp;<\/p>\n<p>&nbsp;<\/p>\n","protected":false},"excerpt":{"rendered":"<p>El dilluns 20 de mar\u00e7 en Muneeb, alumne de la classe de 5\u00e8, va representar la nostra escola a les Olimp\u00edades en la modalitat de 60 metres llisos. Tot i que no va poder passar a la fase final, va preparar la cursa amb moltes&hellip;  <a href=\"https:\/\/agora.xtec.cat\/ceipmisericordia-reus\/general\/en-muneeb-a-les-olimpiades\/\" title=\"Read EN MUNEEB A LES OLIMP\u00cdADES!\">Llegeix m\u00e9s\u00bb<\/a><\/p>\n","protected":false},"author":4,"featured_media":0,"comment_status":"open","ping_status":"closed","sticky":false,"template":"","format":"standard","meta":{"_bbp_topic_count":0,"_bbp_reply_count":0,"_bbp_total_topic_count":0,"_bbp_total_reply_count":0,"_bbp_voice_count":0,"_bbp_anonymous_reply_count":0,"_bbp_topic_count_hidden":0,"_bbp_reply_count_hidden":0,"_bbp_forum_subforum_count":0,"footnotes":""},"categories":[80,82,1,4,5],"tags":[125,236,330],"class_list":["post-9111","post","type-post","status-publish","format-standard","hentry","category-cicle-superior","category-ed-fisica","category-general","category-portada","category-primaria","tag-escolamisericordiadereus","tag-monmisericordia","tag-olimpiadesescolarsreus2023"],"post_mailing_queue_ids":[],"_links":{"self":[{"href":"https:\/\/agora.xtec.cat\/ceipmisericordia-reus\/wp-json\/wp\/v2\/posts\/9111","targetHints":{"allow":["GET"]}}],"collection":[{"href":"https:\/\/agora.xtec.cat\/ceipmisericordia-reus\/wp-json\/wp\/v2\/posts"}],"about":[{"href":"https:\/\/agora.xtec.cat\/ceipmisericordia-reus\/wp-json\/wp\/v2\/types\/post"}],"author":[{"embeddable":true,"href":"https:\/\/agora.xtec.cat\/ceipmisericordia-reus\/wp-json\/wp\/v2\/users\/4"}],"replies":[{"embeddable":true,"href":"https:\/\/agora.xtec.cat\/ceipmisericordia-reus\/wp-json\/wp\/v2\/comments?post=9111"}],"version-history":[{"count":1,"href":"https:\/\/agora.xtec.cat\/ceipmisericordia-reus\/wp-json\/wp\/v2\/posts\/9111\/revisions"}],"predecessor-version":[{"id":9113,"href":"https:\/\/agora.xtec.cat\/ceipmisericordia-reus\/wp-json\/wp\/v2\/posts\/9111\/revisions\/9113"}],"wp:attachment":[{"href":"https:\/\/agora.xtec.cat\/ceipmisericordia-reus\/wp-json\/wp\/v2\/media?parent=9111"}],"wp:term":[{"taxonomy":"category","embeddable":true,"href":"https:\/\/agora.xtec.cat\/ceipmisericordia-reus\/wp-json\/wp\/v2\/categories?post=9111"},{"taxonomy":"post_tag","embeddable":true,"href":"https:\/\/agora.xtec.cat\/ceipmisericordia-reus\/wp-json\/wp\/v2\/tags?post=9111"}],"curies":[{"name":"wp","href":"https:\/\/api.w.org\/{rel}","templated":true}]}}