{"id":9074,"date":"2023-03-16T09:47:03","date_gmt":"2023-03-16T08:47:03","guid":{"rendered":"https:\/\/agora.xtec.cat\/ceipmisericordia-reus\/?p=9074"},"modified":"2023-03-20T16:38:25","modified_gmt":"2023-03-20T15:38:25","slug":"segon-comite-ambiental","status":"publish","type":"post","link":"https:\/\/agora.xtec.cat\/ceipmisericordia-reus\/general\/segon-comite-ambiental\/","title":{"rendered":"SEGON COMIT\u00c8 AMBIENTAL"},"content":{"rendered":"<p><span style=\"font-weight: 400;\">El dimarts, 14 de mar\u00e7 es va celebrar el segon comit\u00e8 ambiental. En ell van participar alumnes de tots els cursos d\u2019infantil i prim\u00e0ria. Van explicar quines s\u00f3n les activitats relacionades amb el medi ambient que estaven fent a les seves aules aquest trimestre: com reciclar correctament, contes relacionats amb la cura del mar, elaboraci\u00f3 d\u2019alcohol de romer i de atrapa mosques, h\u00e0bits per tenir cura del medi ambient o estad\u00edstiques amb les ampolles de pl\u00e0stic.\u00a0<\/span><\/p>\n<p><a href=\"https:\/\/agora.xtec.cat\/ceipmisericordia-reus\/wp-content\/uploads\/usu2066\/2023\/03\/foto-1-5.png\"><img loading=\"lazy\" decoding=\"async\" class=\"size-medium wp-image-9076 alignleft\" src=\"https:\/\/agora.xtec.cat\/ceipmisericordia-reus\/wp-content\/uploads\/usu2066\/2023\/03\/foto-1-5-300x258.png\" alt=\"\" width=\"300\" height=\"258\" srcset=\"https:\/\/agora.xtec.cat\/ceipmisericordia-reus\/wp-content\/uploads\/usu2066\/2023\/03\/foto-1-5-300x258.png 300w, https:\/\/agora.xtec.cat\/ceipmisericordia-reus\/wp-content\/uploads\/usu2066\/2023\/03\/foto-1-5-768x661.png 768w, https:\/\/agora.xtec.cat\/ceipmisericordia-reus\/wp-content\/uploads\/usu2066\/2023\/03\/foto-1-5.png 862w\" sizes=\"auto, (max-width: 300px) 100vw, 300px\" \/><\/a><\/p>\n","protected":false},"excerpt":{"rendered":"<p>El dimarts, 14 de mar\u00e7 es va celebrar el segon comit\u00e8 ambiental. En ell van participar alumnes de tots els cursos d\u2019infantil i prim\u00e0ria. Van explicar quines s\u00f3n les activitats relacionades amb el medi ambient que estaven fent a les seves aules aquest trimestre: com&hellip;  <a href=\"https:\/\/agora.xtec.cat\/ceipmisericordia-reus\/general\/segon-comite-ambiental\/\" title=\"Read SEGON COMIT\u00c8 AMBIENTAL\">Llegeix m\u00e9s\u00bb<\/a><\/p>\n","protected":false},"author":4,"featured_media":0,"comment_status":"open","ping_status":"closed","sticky":false,"template":"","format":"standard","meta":{"_bbp_topic_count":0,"_bbp_reply_count":0,"_bbp_total_topic_count":0,"_bbp_total_reply_count":0,"_bbp_voice_count":0,"_bbp_anonymous_reply_count":0,"_bbp_topic_count_hidden":0,"_bbp_reply_count_hidden":0,"_bbp_forum_subforum_count":0,"footnotes":""},"categories":[92,91,62,190,1,4],"tags":[320,164,236,277,110],"class_list":["post-9074","post","type-post","status-publish","format-standard","hentry","category-activitats-al-centre","category-ed-primaria","category-escola-verda","category-escola-verda-escola-verda","category-general","category-portada","tag-comiteambiental","tag-escolaverda","tag-monmisericordia","tag-primaria","tag-infantil"],"post_mailing_queue_ids":[],"_links":{"self":[{"href":"https:\/\/agora.xtec.cat\/ceipmisericordia-reus\/wp-json\/wp\/v2\/posts\/9074","targetHints":{"allow":["GET"]}}],"collection":[{"href":"https:\/\/agora.xtec.cat\/ceipmisericordia-reus\/wp-json\/wp\/v2\/posts"}],"about":[{"href":"https:\/\/agora.xtec.cat\/ceipmisericordia-reus\/wp-json\/wp\/v2\/types\/post"}],"author":[{"embeddable":true,"href":"https:\/\/agora.xtec.cat\/ceipmisericordia-reus\/wp-json\/wp\/v2\/users\/4"}],"replies":[{"embeddable":true,"href":"https:\/\/agora.xtec.cat\/ceipmisericordia-reus\/wp-json\/wp\/v2\/comments?post=9074"}],"version-history":[{"count":3,"href":"https:\/\/agora.xtec.cat\/ceipmisericordia-reus\/wp-json\/wp\/v2\/posts\/9074\/revisions"}],"predecessor-version":[{"id":9094,"href":"https:\/\/agora.xtec.cat\/ceipmisericordia-reus\/wp-json\/wp\/v2\/posts\/9074\/revisions\/9094"}],"wp:attachment":[{"href":"https:\/\/agora.xtec.cat\/ceipmisericordia-reus\/wp-json\/wp\/v2\/media?parent=9074"}],"wp:term":[{"taxonomy":"category","embeddable":true,"href":"https:\/\/agora.xtec.cat\/ceipmisericordia-reus\/wp-json\/wp\/v2\/categories?post=9074"},{"taxonomy":"post_tag","embeddable":true,"href":"https:\/\/agora.xtec.cat\/ceipmisericordia-reus\/wp-json\/wp\/v2\/tags?post=9074"}],"curies":[{"name":"wp","href":"https:\/\/api.w.org\/{rel}","templated":true}]}}