{"id":9036,"date":"2023-03-06T09:41:54","date_gmt":"2023-03-06T08:41:54","guid":{"rendered":"https:\/\/agora.xtec.cat\/ceipmisericordia-reus\/?p=9036"},"modified":"2023-03-06T09:41:54","modified_gmt":"2023-03-06T08:41:54","slug":"lluitem-per-la-igualtat","status":"publish","type":"post","link":"https:\/\/agora.xtec.cat\/ceipmisericordia-reus\/general\/lluitem-per-la-igualtat\/","title":{"rendered":"LLUITEM PER LA IGUALTAT!"},"content":{"rendered":"<p><span style=\"font-weight: 400;\">La darrera setmana vam\u00a0 treballar\u00a0 referents femenins que han destacat per algun fet al llarg de la hist\u00f2ria, on hem omplert mem\u00f2ria els seus dibuixos. <\/span><span style=\"font-weight: 400;\">Entre elles, trobem les seg\u00fcents: Yayoi Kusama, Frida Kahlo, Amelia Earthart.\u00a0<\/span><\/p>\n<p><a href=\"https:\/\/agora.xtec.cat\/ceipmisericordia-reus\/wp-content\/uploads\/usu2066\/2023\/03\/foto-1-2.png\"><img loading=\"lazy\" decoding=\"async\" class=\"size-medium wp-image-9037 alignleft\" src=\"https:\/\/agora.xtec.cat\/ceipmisericordia-reus\/wp-content\/uploads\/usu2066\/2023\/03\/foto-1-2-300x214.png\" alt=\"\" width=\"300\" height=\"214\" srcset=\"https:\/\/agora.xtec.cat\/ceipmisericordia-reus\/wp-content\/uploads\/usu2066\/2023\/03\/foto-1-2-300x214.png 300w, https:\/\/agora.xtec.cat\/ceipmisericordia-reus\/wp-content\/uploads\/usu2066\/2023\/03\/foto-1-2-768x548.png 768w, https:\/\/agora.xtec.cat\/ceipmisericordia-reus\/wp-content\/uploads\/usu2066\/2023\/03\/foto-1-2.png 901w\" sizes=\"auto, (max-width: 300px) 100vw, 300px\" \/><\/a><\/p>\n<p>&nbsp;<\/p>\n","protected":false},"excerpt":{"rendered":"<p>La darrera setmana vam\u00a0 treballar\u00a0 referents femenins que han destacat per algun fet al llarg de la hist\u00f2ria, on hem omplert mem\u00f2ria els seus dibuixos. Entre elles, trobem les seg\u00fcents: Yayoi Kusama, Frida Kahlo, Amelia Earthart.\u00a0<br \/>\n<a href=\"https:\/\/agora.xtec.cat\/ceipmisericordia-reus\/wp-content\/uploads\/usu2066\/2023\/03\/foto-1-2.png\"><\/a><br \/>\n&nbsp;<\/p>\n","protected":false},"author":4,"featured_media":0,"comment_status":"open","ping_status":"closed","sticky":false,"template":"","format":"standard","meta":{"_bbp_topic_count":0,"_bbp_reply_count":0,"_bbp_total_topic_count":0,"_bbp_total_reply_count":0,"_bbp_voice_count":0,"_bbp_anonymous_reply_count":0,"_bbp_topic_count_hidden":0,"_bbp_reply_count_hidden":0,"_bbp_forum_subforum_count":0,"footnotes":""},"categories":[92,91,1,208,4,5],"tags":[197,305,166,125,236],"class_list":["post-9036","post","type-post","status-publish","format-standard","hentry","category-activitats-al-centre","category-ed-primaria","category-general","category-plastica","category-portada","category-primaria","tag-art","tag-artistica","tag-diadeladona","tag-escolamisericordiadereus","tag-monmisericordia"],"post_mailing_queue_ids":[],"_links":{"self":[{"href":"https:\/\/agora.xtec.cat\/ceipmisericordia-reus\/wp-json\/wp\/v2\/posts\/9036","targetHints":{"allow":["GET"]}}],"collection":[{"href":"https:\/\/agora.xtec.cat\/ceipmisericordia-reus\/wp-json\/wp\/v2\/posts"}],"about":[{"href":"https:\/\/agora.xtec.cat\/ceipmisericordia-reus\/wp-json\/wp\/v2\/types\/post"}],"author":[{"embeddable":true,"href":"https:\/\/agora.xtec.cat\/ceipmisericordia-reus\/wp-json\/wp\/v2\/users\/4"}],"replies":[{"embeddable":true,"href":"https:\/\/agora.xtec.cat\/ceipmisericordia-reus\/wp-json\/wp\/v2\/comments?post=9036"}],"version-history":[{"count":1,"href":"https:\/\/agora.xtec.cat\/ceipmisericordia-reus\/wp-json\/wp\/v2\/posts\/9036\/revisions"}],"predecessor-version":[{"id":9038,"href":"https:\/\/agora.xtec.cat\/ceipmisericordia-reus\/wp-json\/wp\/v2\/posts\/9036\/revisions\/9038"}],"wp:attachment":[{"href":"https:\/\/agora.xtec.cat\/ceipmisericordia-reus\/wp-json\/wp\/v2\/media?parent=9036"}],"wp:term":[{"taxonomy":"category","embeddable":true,"href":"https:\/\/agora.xtec.cat\/ceipmisericordia-reus\/wp-json\/wp\/v2\/categories?post=9036"},{"taxonomy":"post_tag","embeddable":true,"href":"https:\/\/agora.xtec.cat\/ceipmisericordia-reus\/wp-json\/wp\/v2\/tags?post=9036"}],"curies":[{"name":"wp","href":"https:\/\/api.w.org\/{rel}","templated":true}]}}