{"id":9012,"date":"2023-02-27T18:18:28","date_gmt":"2023-02-27T17:18:28","guid":{"rendered":"https:\/\/agora.xtec.cat\/ceipmisericordia-reus\/?p=9012"},"modified":"2023-03-01T09:08:11","modified_gmt":"2023-03-01T08:08:11","slug":"sortida-a-lexposicio-habitatge-a-la-ciutat","status":"publish","type":"post","link":"https:\/\/agora.xtec.cat\/ceipmisericordia-reus\/general\/sortida-a-lexposicio-habitatge-a-la-ciutat\/","title":{"rendered":"SORTIDA A L\u2019EXPOSICI\u00d3  \u201cHABITATGE A LA CIUTAT \u201d"},"content":{"rendered":"<p><span style=\"font-weight: 400;\">El divendres 24 de febrer els nens i nenes de la classe de 4t vam anar a la biblioteca Xavier Amor\u00f3s per visitar l\u2019exposici\u00f3 \u201cHabitatge a la Ciutat\u201d organitzada per l\u2019Escola T\u00e8cnica Superior d\u2019Arquitectura. <\/span><span style=\"font-weight: 400;\">Ens van explicar com s\u2019havia produ\u00eft el creixement sostenible de les ciutats i la import\u00e0ncia de les cases i els edificis en el nostre dia a dia. Despr\u00e9s vam jugar a un memory, vam dibuixar les nostres llars\u2026 i fins i tot ens van regalar una planta d\u2019enciam! Vam gaudir molt!<\/span><\/p>\n<p><a href=\"https:\/\/agora.xtec.cat\/ceipmisericordia-reus\/wp-content\/uploads\/usu2066\/2023\/02\/FOTO-1-6.png\"><img loading=\"lazy\" decoding=\"async\" class=\"size-medium wp-image-9013 alignleft\" src=\"https:\/\/agora.xtec.cat\/ceipmisericordia-reus\/wp-content\/uploads\/usu2066\/2023\/02\/FOTO-1-6-300x169.png\" alt=\"\" width=\"300\" height=\"169\" srcset=\"https:\/\/agora.xtec.cat\/ceipmisericordia-reus\/wp-content\/uploads\/usu2066\/2023\/02\/FOTO-1-6-300x169.png 300w, https:\/\/agora.xtec.cat\/ceipmisericordia-reus\/wp-content\/uploads\/usu2066\/2023\/02\/FOTO-1-6-768x433.png 768w, https:\/\/agora.xtec.cat\/ceipmisericordia-reus\/wp-content\/uploads\/usu2066\/2023\/02\/FOTO-1-6.png 879w\" sizes=\"auto, (max-width: 300px) 100vw, 300px\" \/><\/a><\/p>\n","protected":false},"excerpt":{"rendered":"<p>El divendres 24 de febrer els nens i nenes de la classe de 4t vam anar a la biblioteca Xavier Amor\u00f3s per visitar l\u2019exposici\u00f3 \u201cHabitatge a la Ciutat\u201d organitzada per l\u2019Escola T\u00e8cnica Superior d\u2019Arquitectura. Ens van explicar com s\u2019havia produ\u00eft el creixement sostenible de les&hellip;  <a href=\"https:\/\/agora.xtec.cat\/ceipmisericordia-reus\/general\/sortida-a-lexposicio-habitatge-a-la-ciutat\/\" title=\"Read SORTIDA A L\u2019EXPOSICI\u00d3  \u201cHABITATGE A LA CIUTAT \u201d\">Llegeix m\u00e9s\u00bb<\/a><\/p>\n","protected":false},"author":4,"featured_media":0,"comment_status":"open","ping_status":"closed","sticky":false,"template":"","format":"standard","meta":{"_bbp_topic_count":0,"_bbp_reply_count":0,"_bbp_total_topic_count":0,"_bbp_total_reply_count":0,"_bbp_voice_count":0,"_bbp_anonymous_reply_count":0,"_bbp_topic_count_hidden":0,"_bbp_reply_count_hidden":0,"_bbp_forum_subforum_count":0,"footnotes":""},"categories":[13,79,91,1,4],"tags":[300,299,125,301,236],"class_list":["post-9012","post","type-post","status-publish","format-standard","hentry","category-4t","category-cicle-mitja","category-ed-primaria","category-general","category-portada","tag-4t","tag-biblioteca","tag-escolamisericordiadereus","tag-habitatgealaciutat","tag-monmisericordia"],"post_mailing_queue_ids":[],"_links":{"self":[{"href":"https:\/\/agora.xtec.cat\/ceipmisericordia-reus\/wp-json\/wp\/v2\/posts\/9012","targetHints":{"allow":["GET"]}}],"collection":[{"href":"https:\/\/agora.xtec.cat\/ceipmisericordia-reus\/wp-json\/wp\/v2\/posts"}],"about":[{"href":"https:\/\/agora.xtec.cat\/ceipmisericordia-reus\/wp-json\/wp\/v2\/types\/post"}],"author":[{"embeddable":true,"href":"https:\/\/agora.xtec.cat\/ceipmisericordia-reus\/wp-json\/wp\/v2\/users\/4"}],"replies":[{"embeddable":true,"href":"https:\/\/agora.xtec.cat\/ceipmisericordia-reus\/wp-json\/wp\/v2\/comments?post=9012"}],"version-history":[{"count":2,"href":"https:\/\/agora.xtec.cat\/ceipmisericordia-reus\/wp-json\/wp\/v2\/posts\/9012\/revisions"}],"predecessor-version":[{"id":9016,"href":"https:\/\/agora.xtec.cat\/ceipmisericordia-reus\/wp-json\/wp\/v2\/posts\/9012\/revisions\/9016"}],"wp:attachment":[{"href":"https:\/\/agora.xtec.cat\/ceipmisericordia-reus\/wp-json\/wp\/v2\/media?parent=9012"}],"wp:term":[{"taxonomy":"category","embeddable":true,"href":"https:\/\/agora.xtec.cat\/ceipmisericordia-reus\/wp-json\/wp\/v2\/categories?post=9012"},{"taxonomy":"post_tag","embeddable":true,"href":"https:\/\/agora.xtec.cat\/ceipmisericordia-reus\/wp-json\/wp\/v2\/tags?post=9012"}],"curies":[{"name":"wp","href":"https:\/\/api.w.org\/{rel}","templated":true}]}}