{"id":8941,"date":"2023-02-15T10:25:06","date_gmt":"2023-02-15T09:25:06","guid":{"rendered":"https:\/\/agora.xtec.cat\/ceipmisericordia-reus\/?p=8941"},"modified":"2023-02-15T10:25:06","modified_gmt":"2023-02-15T09:25:06","slug":"projecte-vincles-5","status":"publish","type":"post","link":"https:\/\/agora.xtec.cat\/ceipmisericordia-reus\/general\/projecte-vincles-5\/","title":{"rendered":"PROJECTE VINCLES"},"content":{"rendered":"<p><span style=\"font-weight: 400;\">Vincles!<\/span><\/p>\n<p><span style=\"font-weight: 400;\">El passat dimecres, la classe de 5\u00e8 vam visitar el teatre Fortuny per continuar amb el projecte Vincles. En aquesta ocasi\u00f3, vam representar diferents situacions posant-nos al lloc dels acomodadors i taquillers del teatre. A m\u00e9s a m\u00e9s, vam descobrir quan mesura l\u2019escenari i altres espais i objectes, que era una de les curiositats que ens van sortir al comen\u00e7ament d\u2019aquest projecte.\u00a0<\/span><\/p>\n<p><a href=\"https:\/\/agora.xtec.cat\/ceipmisericordia-reus\/wp-content\/uploads\/usu2066\/2023\/02\/FOTO-1-2.png\"><img loading=\"lazy\" decoding=\"async\" class=\"size-medium wp-image-8942 alignleft\" src=\"https:\/\/agora.xtec.cat\/ceipmisericordia-reus\/wp-content\/uploads\/usu2066\/2023\/02\/FOTO-1-2-300x168.png\" alt=\"\" width=\"300\" height=\"168\" srcset=\"https:\/\/agora.xtec.cat\/ceipmisericordia-reus\/wp-content\/uploads\/usu2066\/2023\/02\/FOTO-1-2-300x168.png 300w, https:\/\/agora.xtec.cat\/ceipmisericordia-reus\/wp-content\/uploads\/usu2066\/2023\/02\/FOTO-1-2-1024x572.png 1024w, https:\/\/agora.xtec.cat\/ceipmisericordia-reus\/wp-content\/uploads\/usu2066\/2023\/02\/FOTO-1-2-768x429.png 768w, https:\/\/agora.xtec.cat\/ceipmisericordia-reus\/wp-content\/uploads\/usu2066\/2023\/02\/FOTO-1-2.png 1317w\" sizes=\"auto, (max-width: 300px) 100vw, 300px\" \/><\/a><\/p>\n<p><span style=\"font-weight: 400;\">\u00a0<\/span><\/p>\n<p>&nbsp;<\/p>\n","protected":false},"excerpt":{"rendered":"<p>Vincles!<br \/>\nEl passat dimecres, la classe de 5\u00e8 vam visitar el teatre Fortuny per continuar amb el projecte Vincles. En aquesta ocasi\u00f3, vam representar diferents situacions posant-nos al lloc dels acomodadors i taquillers del teatre. A m\u00e9s a m\u00e9s, vam descobrir quan mesura l\u2019escenari i altres&hellip;  <a href=\"https:\/\/agora.xtec.cat\/ceipmisericordia-reus\/general\/projecte-vincles-5\/\" title=\"Read PROJECTE VINCLES\">Llegeix m\u00e9s\u00bb<\/a><\/p>\n","protected":false},"author":4,"featured_media":0,"comment_status":"open","ping_status":"closed","sticky":false,"template":"","format":"standard","meta":{"_bbp_topic_count":0,"_bbp_reply_count":0,"_bbp_total_topic_count":0,"_bbp_total_reply_count":0,"_bbp_voice_count":0,"_bbp_anonymous_reply_count":0,"_bbp_topic_count_hidden":0,"_bbp_reply_count_hidden":0,"_bbp_forum_subforum_count":0,"footnotes":""},"categories":[14,80,91,1,4,225],"tags":[284,125,236,260,259],"class_list":["post-8941","post","type-post","status-publish","format-standard","hentry","category-5e","category-cicle-superior","category-ed-primaria","category-general","category-portada","category-projecte-vincles","tag-ciclesuperior","tag-escolamisericordiadereus","tag-monmisericordia","tag-projectevincles","tag-teatrefortuny"],"post_mailing_queue_ids":[],"_links":{"self":[{"href":"https:\/\/agora.xtec.cat\/ceipmisericordia-reus\/wp-json\/wp\/v2\/posts\/8941","targetHints":{"allow":["GET"]}}],"collection":[{"href":"https:\/\/agora.xtec.cat\/ceipmisericordia-reus\/wp-json\/wp\/v2\/posts"}],"about":[{"href":"https:\/\/agora.xtec.cat\/ceipmisericordia-reus\/wp-json\/wp\/v2\/types\/post"}],"author":[{"embeddable":true,"href":"https:\/\/agora.xtec.cat\/ceipmisericordia-reus\/wp-json\/wp\/v2\/users\/4"}],"replies":[{"embeddable":true,"href":"https:\/\/agora.xtec.cat\/ceipmisericordia-reus\/wp-json\/wp\/v2\/comments?post=8941"}],"version-history":[{"count":1,"href":"https:\/\/agora.xtec.cat\/ceipmisericordia-reus\/wp-json\/wp\/v2\/posts\/8941\/revisions"}],"predecessor-version":[{"id":8943,"href":"https:\/\/agora.xtec.cat\/ceipmisericordia-reus\/wp-json\/wp\/v2\/posts\/8941\/revisions\/8943"}],"wp:attachment":[{"href":"https:\/\/agora.xtec.cat\/ceipmisericordia-reus\/wp-json\/wp\/v2\/media?parent=8941"}],"wp:term":[{"taxonomy":"category","embeddable":true,"href":"https:\/\/agora.xtec.cat\/ceipmisericordia-reus\/wp-json\/wp\/v2\/categories?post=8941"},{"taxonomy":"post_tag","embeddable":true,"href":"https:\/\/agora.xtec.cat\/ceipmisericordia-reus\/wp-json\/wp\/v2\/tags?post=8941"}],"curies":[{"name":"wp","href":"https:\/\/api.w.org\/{rel}","templated":true}]}}