{"id":8840,"date":"2023-01-19T09:59:55","date_gmt":"2023-01-19T08:59:55","guid":{"rendered":"https:\/\/agora.xtec.cat\/ceipmisericordia-reus\/?p=8840"},"modified":"2023-01-19T09:59:55","modified_gmt":"2023-01-19T08:59:55","slug":"el-ritme-de-lescola-2","status":"publish","type":"post","link":"https:\/\/agora.xtec.cat\/ceipmisericordia-reus\/infantil\/el-ritme-de-lescola-2\/","title":{"rendered":"EL RITME DE L&#8217;ESCOLA"},"content":{"rendered":"<p>A partir del dilluns 23 de gener el ritme d&#8217;escola ser\u00e0 &#8220;El m\u00f3n seria m\u00e9s feli\u00e7&#8221;. Aquesta can\u00e7\u00f3 la cantarem tots plegats el dia 30 de gener, per celebrar el dia escolar de la No Viol\u00e8ncia i la Pau.<\/p>\n<p>Esperem que us agradi!<\/p>\n<p><iframe loading=\"lazy\" title=\"EL M\u00d3N SERIA M\u00c9S FELI\u00c7\" width=\"500\" height=\"375\" src=\"https:\/\/www.youtube.com\/embed\/07mKFx02cLs?feature=oembed\" frameborder=\"0\" allow=\"accelerometer; autoplay; clipboard-write; encrypted-media; gyroscope; picture-in-picture; web-share\" referrerpolicy=\"strict-origin-when-cross-origin\" allowfullscreen><\/iframe><\/p>\n","protected":false},"excerpt":{"rendered":"<p>A partir del dilluns 23 de gener el ritme d&#8217;escola ser\u00e0 &#8220;El m\u00f3n seria m\u00e9s feli\u00e7&#8221;. Aquesta can\u00e7\u00f3 la cantarem tots plegats el dia 30 de gener, per celebrar el dia escolar de la No Viol\u00e8ncia i la Pau.<br \/>\nEsperem que us agradi!<\/p>\n","protected":false},"author":4,"featured_media":0,"comment_status":"open","ping_status":"closed","sticky":false,"template":"","format":"standard","meta":{"_bbp_topic_count":0,"_bbp_reply_count":0,"_bbp_total_topic_count":0,"_bbp_total_reply_count":0,"_bbp_voice_count":0,"_bbp_anonymous_reply_count":0,"_bbp_topic_count_hidden":0,"_bbp_reply_count_hidden":0,"_bbp_forum_subforum_count":0,"footnotes":""},"categories":[226,2,4,5],"tags":[],"class_list":["post-8840","post","type-post","status-publish","format-standard","hentry","category-canco-quinzenal","category-infantil","category-portada","category-primaria"],"post_mailing_queue_ids":[],"_links":{"self":[{"href":"https:\/\/agora.xtec.cat\/ceipmisericordia-reus\/wp-json\/wp\/v2\/posts\/8840","targetHints":{"allow":["GET"]}}],"collection":[{"href":"https:\/\/agora.xtec.cat\/ceipmisericordia-reus\/wp-json\/wp\/v2\/posts"}],"about":[{"href":"https:\/\/agora.xtec.cat\/ceipmisericordia-reus\/wp-json\/wp\/v2\/types\/post"}],"author":[{"embeddable":true,"href":"https:\/\/agora.xtec.cat\/ceipmisericordia-reus\/wp-json\/wp\/v2\/users\/4"}],"replies":[{"embeddable":true,"href":"https:\/\/agora.xtec.cat\/ceipmisericordia-reus\/wp-json\/wp\/v2\/comments?post=8840"}],"version-history":[{"count":1,"href":"https:\/\/agora.xtec.cat\/ceipmisericordia-reus\/wp-json\/wp\/v2\/posts\/8840\/revisions"}],"predecessor-version":[{"id":8841,"href":"https:\/\/agora.xtec.cat\/ceipmisericordia-reus\/wp-json\/wp\/v2\/posts\/8840\/revisions\/8841"}],"wp:attachment":[{"href":"https:\/\/agora.xtec.cat\/ceipmisericordia-reus\/wp-json\/wp\/v2\/media?parent=8840"}],"wp:term":[{"taxonomy":"category","embeddable":true,"href":"https:\/\/agora.xtec.cat\/ceipmisericordia-reus\/wp-json\/wp\/v2\/categories?post=8840"},{"taxonomy":"post_tag","embeddable":true,"href":"https:\/\/agora.xtec.cat\/ceipmisericordia-reus\/wp-json\/wp\/v2\/tags?post=8840"}],"curies":[{"name":"wp","href":"https:\/\/api.w.org\/{rel}","templated":true}]}}