{"id":8832,"date":"2023-01-16T17:24:57","date_gmt":"2023-01-16T16:24:57","guid":{"rendered":"https:\/\/agora.xtec.cat\/ceipmisericordia-reus\/?p=8832"},"modified":"2023-01-16T17:24:57","modified_gmt":"2023-01-16T16:24:57","slug":"taller-de-ioga","status":"publish","type":"post","link":"https:\/\/agora.xtec.cat\/ceipmisericordia-reus\/general\/taller-de-ioga\/","title":{"rendered":"TALLER DE IOGA!"},"content":{"rendered":"<p><span style=\"font-weight: 400;\">Avui dilluns 16 de gener, els nens\/es d&#8217;Educaci\u00f3 infantil hem gaudit d\u2019una sessi\u00f3 de ioga mitjan\u00e7ant els contes i la m\u00fasica. Ha sigut una experi\u00e8ncia molt enriquidora i hem gaudit molt.<\/span><\/p>\n<p><a href=\"https:\/\/agora.xtec.cat\/ceipmisericordia-reus\/wp-content\/uploads\/usu2066\/2023\/01\/foto-4-1.png\"><img loading=\"lazy\" decoding=\"async\" class=\"size-medium wp-image-8833 alignleft\" src=\"https:\/\/agora.xtec.cat\/ceipmisericordia-reus\/wp-content\/uploads\/usu2066\/2023\/01\/foto-4-1-227x300.png\" alt=\"\" width=\"227\" height=\"300\" srcset=\"https:\/\/agora.xtec.cat\/ceipmisericordia-reus\/wp-content\/uploads\/usu2066\/2023\/01\/foto-4-1-227x300.png 227w, https:\/\/agora.xtec.cat\/ceipmisericordia-reus\/wp-content\/uploads\/usu2066\/2023\/01\/foto-4-1.png 554w\" sizes=\"auto, (max-width: 227px) 100vw, 227px\" \/><\/a><\/p>\n","protected":false},"excerpt":{"rendered":"<p>Avui dilluns 16 de gener, els nens\/es d&#8217;Educaci\u00f3 infantil hem gaudit d\u2019una sessi\u00f3 de ioga mitjan\u00e7ant els contes i la m\u00fasica. Ha sigut una experi\u00e8ncia molt enriquidora i hem gaudit molt.<br \/>\n<a href=\"https:\/\/agora.xtec.cat\/ceipmisericordia-reus\/wp-content\/uploads\/usu2066\/2023\/01\/foto-4-1.png\"><\/a><\/p>\n","protected":false},"author":4,"featured_media":0,"comment_status":"open","ping_status":"closed","sticky":false,"template":"","format":"standard","meta":{"_bbp_topic_count":0,"_bbp_reply_count":0,"_bbp_total_topic_count":0,"_bbp_total_reply_count":0,"_bbp_voice_count":0,"_bbp_anonymous_reply_count":0,"_bbp_topic_count_hidden":0,"_bbp_reply_count_hidden":0,"_bbp_forum_subforum_count":0,"footnotes":""},"categories":[92,90,1,2,3,8,9,4,68],"tags":[125,236,110,111],"class_list":["post-8832","post","type-post","status-publish","format-standard","hentry","category-activitats-al-centre","category-ed-infantil","category-general","category-infantil","category-p3","category-p4","category-p5","category-portada","category-tallers-a-infantil","tag-escolamisericordiadereus","tag-monmisericordia","tag-infantil","tag-ioga"],"post_mailing_queue_ids":[],"_links":{"self":[{"href":"https:\/\/agora.xtec.cat\/ceipmisericordia-reus\/wp-json\/wp\/v2\/posts\/8832","targetHints":{"allow":["GET"]}}],"collection":[{"href":"https:\/\/agora.xtec.cat\/ceipmisericordia-reus\/wp-json\/wp\/v2\/posts"}],"about":[{"href":"https:\/\/agora.xtec.cat\/ceipmisericordia-reus\/wp-json\/wp\/v2\/types\/post"}],"author":[{"embeddable":true,"href":"https:\/\/agora.xtec.cat\/ceipmisericordia-reus\/wp-json\/wp\/v2\/users\/4"}],"replies":[{"embeddable":true,"href":"https:\/\/agora.xtec.cat\/ceipmisericordia-reus\/wp-json\/wp\/v2\/comments?post=8832"}],"version-history":[{"count":1,"href":"https:\/\/agora.xtec.cat\/ceipmisericordia-reus\/wp-json\/wp\/v2\/posts\/8832\/revisions"}],"predecessor-version":[{"id":8834,"href":"https:\/\/agora.xtec.cat\/ceipmisericordia-reus\/wp-json\/wp\/v2\/posts\/8832\/revisions\/8834"}],"wp:attachment":[{"href":"https:\/\/agora.xtec.cat\/ceipmisericordia-reus\/wp-json\/wp\/v2\/media?parent=8832"}],"wp:term":[{"taxonomy":"category","embeddable":true,"href":"https:\/\/agora.xtec.cat\/ceipmisericordia-reus\/wp-json\/wp\/v2\/categories?post=8832"},{"taxonomy":"post_tag","embeddable":true,"href":"https:\/\/agora.xtec.cat\/ceipmisericordia-reus\/wp-json\/wp\/v2\/tags?post=8832"}],"curies":[{"name":"wp","href":"https:\/\/api.w.org\/{rel}","templated":true}]}}