{"id":8830,"date":"2023-01-16T09:20:53","date_gmt":"2023-01-16T08:20:53","guid":{"rendered":"https:\/\/agora.xtec.cat\/ceipmisericordia-reus\/?p=8830"},"modified":"2023-01-17T15:15:44","modified_gmt":"2023-01-17T14:15:44","slug":"seguim-amb-el-projecte-vincles","status":"publish","type":"post","link":"https:\/\/agora.xtec.cat\/ceipmisericordia-reus\/general\/seguim-amb-el-projecte-vincles\/","title":{"rendered":"SEGUIM AMB EL PROJECTE VINCLES!"},"content":{"rendered":"<p>Dijous passat la classe de 5\u00e8 vam tornar a visitar el teatre Fortuny. Aquesta vegada ho vam fer per a con\u00e8ixer el ballar\u00ed internacional Marc Jubete. Vam tenir el plaer de poder fer-li una entrevista i resoldre les curiositats que ens van sorgir sobre la seva professi\u00f3 i traject\u00f2ria en el m\u00f3n de la dansa.<br \/>\nVa ser un moment m\u00e0gic!<\/p>\n<p><a href=\"https:\/\/agora.xtec.cat\/ceipmisericordia-reus\/wp-content\/uploads\/usu2066\/2023\/01\/foto-1.png\"><img loading=\"lazy\" decoding=\"async\" class=\" wp-image-8825 alignleft\" src=\"https:\/\/agora.xtec.cat\/ceipmisericordia-reus\/wp-content\/uploads\/usu2066\/2023\/01\/foto-1-300x167.png\" alt=\"\" width=\"314\" height=\"175\" srcset=\"https:\/\/agora.xtec.cat\/ceipmisericordia-reus\/wp-content\/uploads\/usu2066\/2023\/01\/foto-1-300x167.png 300w, https:\/\/agora.xtec.cat\/ceipmisericordia-reus\/wp-content\/uploads\/usu2066\/2023\/01\/foto-1-768x427.png 768w, https:\/\/agora.xtec.cat\/ceipmisericordia-reus\/wp-content\/uploads\/usu2066\/2023\/01\/foto-1.png 913w\" sizes=\"auto, (max-width: 314px) 100vw, 314px\" \/><\/a><\/p>\n<p>&nbsp;<\/p>\n<p>&nbsp;<\/p>\n<p>&nbsp;<\/p>\n<p>&nbsp;<\/p>\n<p>&nbsp;<\/p>\n<p>&nbsp;<\/p>\n<p>&nbsp;<\/p>\n<p>&nbsp;<\/p>\n<p>&nbsp;<\/p>\n<p>&nbsp;<\/p>\n<p>&nbsp;<\/p>\n<p>&nbsp;<\/p>\n","protected":false},"excerpt":{"rendered":"<p>Dijous passat la classe de 5\u00e8 vam tornar a visitar el teatre Fortuny. Aquesta vegada ho vam fer per a con\u00e8ixer el ballar\u00ed internacional Marc Jubete. Vam tenir el plaer de poder fer-li una entrevista i resoldre les curiositats que ens van sorgir sobre la&hellip;  <a href=\"https:\/\/agora.xtec.cat\/ceipmisericordia-reus\/general\/seguim-amb-el-projecte-vincles\/\" title=\"Read SEGUIM AMB EL PROJECTE VINCLES!\">Llegeix m\u00e9s\u00bb<\/a><\/p>\n","protected":false},"author":4,"featured_media":0,"comment_status":"open","ping_status":"closed","sticky":false,"template":"","format":"standard","meta":{"_bbp_topic_count":0,"_bbp_reply_count":0,"_bbp_total_topic_count":0,"_bbp_total_reply_count":0,"_bbp_voice_count":0,"_bbp_anonymous_reply_count":0,"_bbp_topic_count_hidden":0,"_bbp_reply_count_hidden":0,"_bbp_forum_subforum_count":0,"footnotes":""},"categories":[14,80,91,1,4,5,225],"tags":[261,263,236,260,262,259],"class_list":["post-8830","post","type-post","status-publish","format-standard","hentry","category-5e","category-cicle-superior","category-ed-primaria","category-general","category-portada","category-primaria","category-projecte-vincles","tag-escolamisericordiareus","tag-marcjubete","tag-monmisericordia","tag-projectevincles","tag-reuseducacio","tag-teatrefortuny"],"post_mailing_queue_ids":[],"_links":{"self":[{"href":"https:\/\/agora.xtec.cat\/ceipmisericordia-reus\/wp-json\/wp\/v2\/posts\/8830","targetHints":{"allow":["GET"]}}],"collection":[{"href":"https:\/\/agora.xtec.cat\/ceipmisericordia-reus\/wp-json\/wp\/v2\/posts"}],"about":[{"href":"https:\/\/agora.xtec.cat\/ceipmisericordia-reus\/wp-json\/wp\/v2\/types\/post"}],"author":[{"embeddable":true,"href":"https:\/\/agora.xtec.cat\/ceipmisericordia-reus\/wp-json\/wp\/v2\/users\/4"}],"replies":[{"embeddable":true,"href":"https:\/\/agora.xtec.cat\/ceipmisericordia-reus\/wp-json\/wp\/v2\/comments?post=8830"}],"version-history":[{"count":2,"href":"https:\/\/agora.xtec.cat\/ceipmisericordia-reus\/wp-json\/wp\/v2\/posts\/8830\/revisions"}],"predecessor-version":[{"id":8835,"href":"https:\/\/agora.xtec.cat\/ceipmisericordia-reus\/wp-json\/wp\/v2\/posts\/8830\/revisions\/8835"}],"wp:attachment":[{"href":"https:\/\/agora.xtec.cat\/ceipmisericordia-reus\/wp-json\/wp\/v2\/media?parent=8830"}],"wp:term":[{"taxonomy":"category","embeddable":true,"href":"https:\/\/agora.xtec.cat\/ceipmisericordia-reus\/wp-json\/wp\/v2\/categories?post=8830"},{"taxonomy":"post_tag","embeddable":true,"href":"https:\/\/agora.xtec.cat\/ceipmisericordia-reus\/wp-json\/wp\/v2\/tags?post=8830"}],"curies":[{"name":"wp","href":"https:\/\/api.w.org\/{rel}","templated":true}]}}