{"id":8775,"date":"2022-12-15T22:38:03","date_gmt":"2022-12-15T21:38:03","guid":{"rendered":"https:\/\/agora.xtec.cat\/ceipmisericordia-reus\/?p=8775"},"modified":"2022-12-15T22:38:03","modified_gmt":"2022-12-15T21:38:03","slug":"escrivim-lart","status":"publish","type":"post","link":"https:\/\/agora.xtec.cat\/ceipmisericordia-reus\/portada\/escrivim-lart\/","title":{"rendered":"Escrivim l&#8217;art!"},"content":{"rendered":"<p style=\"text-align: justify;\">A la classe del Drac, treballem l&#8217;expressi\u00f3 escrita a partir de l&#8217;observaci\u00f3 i debat de diferents obres d&#8217;art! Escrivim all\u00f2 que veiem, com est\u00e0 fet, quines emocions ens desperta, qu\u00e8 vol transmetre l&#8217;autor&#8230; Busquem respostes a diferents preguntes que sorgeixen observant l&#8217;art.<br \/>\n<a href=\"https:\/\/agora.xtec.cat\/ceipmisericordia-reus\/wp-content\/uploads\/usu2066\/2022\/12\/WhatsApp-Image-2022-12-15-at-21.56.50-e1671140128842.jpeg\"><img loading=\"lazy\" decoding=\"async\" class=\"size-medium wp-image-8777 aligncenter\" src=\"https:\/\/agora.xtec.cat\/ceipmisericordia-reus\/wp-content\/uploads\/usu2066\/2022\/12\/WhatsApp-Image-2022-12-15-at-21.56.50-e1671140128842-282x300.jpeg\" alt=\"\" width=\"282\" height=\"300\" srcset=\"https:\/\/agora.xtec.cat\/ceipmisericordia-reus\/wp-content\/uploads\/usu2066\/2022\/12\/WhatsApp-Image-2022-12-15-at-21.56.50-e1671140128842-282x300.jpeg 282w, https:\/\/agora.xtec.cat\/ceipmisericordia-reus\/wp-content\/uploads\/usu2066\/2022\/12\/WhatsApp-Image-2022-12-15-at-21.56.50-e1671140128842-963x1024.jpeg 963w, https:\/\/agora.xtec.cat\/ceipmisericordia-reus\/wp-content\/uploads\/usu2066\/2022\/12\/WhatsApp-Image-2022-12-15-at-21.56.50-e1671140128842-768x816.jpeg 768w, https:\/\/agora.xtec.cat\/ceipmisericordia-reus\/wp-content\/uploads\/usu2066\/2022\/12\/WhatsApp-Image-2022-12-15-at-21.56.50-e1671140128842.jpeg 1364w\" sizes=\"auto, (max-width: 282px) 100vw, 282px\" \/><\/a><\/p>\n<p><a href=\"https:\/\/agora.xtec.cat\/ceipmisericordia-reus\/wp-content\/uploads\/usu2066\/2022\/12\/WhatsApp-Image-2022-12-15-at-21.56.50-1-e1671140060129.jpeg\"><img loading=\"lazy\" decoding=\"async\" class=\"aligncenter size-medium wp-image-8776\" src=\"https:\/\/agora.xtec.cat\/ceipmisericordia-reus\/wp-content\/uploads\/usu2066\/2022\/12\/WhatsApp-Image-2022-12-15-at-21.56.50-1-e1671140060129-300x168.jpeg\" alt=\"\" width=\"300\" height=\"168\" srcset=\"https:\/\/agora.xtec.cat\/ceipmisericordia-reus\/wp-content\/uploads\/usu2066\/2022\/12\/WhatsApp-Image-2022-12-15-at-21.56.50-1-e1671140060129-300x168.jpeg 300w, https:\/\/agora.xtec.cat\/ceipmisericordia-reus\/wp-content\/uploads\/usu2066\/2022\/12\/WhatsApp-Image-2022-12-15-at-21.56.50-1-e1671140060129-1024x574.jpeg 1024w, https:\/\/agora.xtec.cat\/ceipmisericordia-reus\/wp-content\/uploads\/usu2066\/2022\/12\/WhatsApp-Image-2022-12-15-at-21.56.50-1-e1671140060129-768x431.jpeg 768w, https:\/\/agora.xtec.cat\/ceipmisericordia-reus\/wp-content\/uploads\/usu2066\/2022\/12\/WhatsApp-Image-2022-12-15-at-21.56.50-1-e1671140060129-1536x862.jpeg 1536w, https:\/\/agora.xtec.cat\/ceipmisericordia-reus\/wp-content\/uploads\/usu2066\/2022\/12\/WhatsApp-Image-2022-12-15-at-21.56.50-1-e1671140060129.jpeg 1576w\" sizes=\"auto, (max-width: 300px) 100vw, 300px\" \/><\/a><\/p>\n","protected":false},"excerpt":{"rendered":"<p>A la classe del Drac, treballem l&#8217;expressi\u00f3 escrita a partir de l&#8217;observaci\u00f3 i debat de diferents obres d&#8217;art! Escrivim all\u00f2 que veiem, com est\u00e0 fet, quines emocions ens desperta, qu\u00e8 vol transmetre l&#8217;autor&#8230; Busquem respostes a diferents preguntes que sorgeixen observant l&#8217;art.<br \/>\n<a href=\"https:\/\/agora.xtec.cat\/ceipmisericordia-reus\/wp-content\/uploads\/usu2066\/2022\/12\/WhatsApp-Image-2022-12-15-at-21.56.50-e1671140128842.jpeg\"><\/a><br \/>\n<a href=\"https:\/\/agora.xtec.cat\/ceipmisericordia-reus\/wp-content\/uploads\/usu2066\/2022\/12\/WhatsApp-Image-2022-12-15-at-21.56.50-1-e1671140060129.jpeg\"><\/a><\/p>\n","protected":false},"author":4,"featured_media":0,"comment_status":"open","ping_status":"closed","sticky":false,"template":"","format":"standard","meta":{"_bbp_topic_count":0,"_bbp_reply_count":0,"_bbp_total_topic_count":0,"_bbp_total_reply_count":0,"_bbp_voice_count":0,"_bbp_anonymous_reply_count":0,"_bbp_topic_count_hidden":0,"_bbp_reply_count_hidden":0,"_bbp_forum_subforum_count":0,"footnotes":""},"categories":[14,15,92,80,91,4,5],"tags":[],"class_list":["post-8775","post","type-post","status-publish","format-standard","hentry","category-5e","category-6e","category-activitats-al-centre","category-cicle-superior","category-ed-primaria","category-portada","category-primaria"],"post_mailing_queue_ids":[],"_links":{"self":[{"href":"https:\/\/agora.xtec.cat\/ceipmisericordia-reus\/wp-json\/wp\/v2\/posts\/8775","targetHints":{"allow":["GET"]}}],"collection":[{"href":"https:\/\/agora.xtec.cat\/ceipmisericordia-reus\/wp-json\/wp\/v2\/posts"}],"about":[{"href":"https:\/\/agora.xtec.cat\/ceipmisericordia-reus\/wp-json\/wp\/v2\/types\/post"}],"author":[{"embeddable":true,"href":"https:\/\/agora.xtec.cat\/ceipmisericordia-reus\/wp-json\/wp\/v2\/users\/4"}],"replies":[{"embeddable":true,"href":"https:\/\/agora.xtec.cat\/ceipmisericordia-reus\/wp-json\/wp\/v2\/comments?post=8775"}],"version-history":[{"count":3,"href":"https:\/\/agora.xtec.cat\/ceipmisericordia-reus\/wp-json\/wp\/v2\/posts\/8775\/revisions"}],"predecessor-version":[{"id":8780,"href":"https:\/\/agora.xtec.cat\/ceipmisericordia-reus\/wp-json\/wp\/v2\/posts\/8775\/revisions\/8780"}],"wp:attachment":[{"href":"https:\/\/agora.xtec.cat\/ceipmisericordia-reus\/wp-json\/wp\/v2\/media?parent=8775"}],"wp:term":[{"taxonomy":"category","embeddable":true,"href":"https:\/\/agora.xtec.cat\/ceipmisericordia-reus\/wp-json\/wp\/v2\/categories?post=8775"},{"taxonomy":"post_tag","embeddable":true,"href":"https:\/\/agora.xtec.cat\/ceipmisericordia-reus\/wp-json\/wp\/v2\/tags?post=8775"}],"curies":[{"name":"wp","href":"https:\/\/api.w.org\/{rel}","templated":true}]}}