{"id":8766,"date":"2022-12-13T11:40:54","date_gmt":"2022-12-13T10:40:54","guid":{"rendered":"https:\/\/agora.xtec.cat\/ceipmisericordia-reus\/?p=8766"},"modified":"2022-12-13T11:40:54","modified_gmt":"2022-12-13T10:40:54","slug":"6e-visita-la-biblioteca-xavier-amoros","status":"publish","type":"post","link":"https:\/\/agora.xtec.cat\/ceipmisericordia-reus\/general\/6e-visita-la-biblioteca-xavier-amoros\/","title":{"rendered":"6\u00e8 VISITA LA BIBLIOTECA XAVIER AMOR\u00d2S"},"content":{"rendered":"<p>Els alumnes de 6\u00e8 han realitzat una activitat sobre l&#8217;any Gabriel Ferrater a la biblioteca Xavier Amor\u00f2s. A partir de les pistes que els han donat, han format una il\u00b7lustraci\u00f3 referent a un dels poemes de Ferrater. A m\u00e9s, han treballat els poemes: rimes, figures ret\u00f2riques, versos, estrofes&#8230;<\/p>\n<p>Ha estat una visita molt interessant!<\/p>\n<p><a href=\"https:\/\/agora.xtec.cat\/ceipmisericordia-reus\/wp-content\/uploads\/usu2066\/2022\/12\/d3b01955-c3c8-4086-9cc9-d3f0561529ac.jpg\"><img loading=\"lazy\" decoding=\"async\" class=\"aligncenter size-medium wp-image-8767\" src=\"https:\/\/agora.xtec.cat\/ceipmisericordia-reus\/wp-content\/uploads\/usu2066\/2022\/12\/d3b01955-c3c8-4086-9cc9-d3f0561529ac-300x225.jpg\" alt=\"\" width=\"300\" height=\"225\" srcset=\"https:\/\/agora.xtec.cat\/ceipmisericordia-reus\/wp-content\/uploads\/usu2066\/2022\/12\/d3b01955-c3c8-4086-9cc9-d3f0561529ac-300x225.jpg 300w, https:\/\/agora.xtec.cat\/ceipmisericordia-reus\/wp-content\/uploads\/usu2066\/2022\/12\/d3b01955-c3c8-4086-9cc9-d3f0561529ac-1024x768.jpg 1024w, https:\/\/agora.xtec.cat\/ceipmisericordia-reus\/wp-content\/uploads\/usu2066\/2022\/12\/d3b01955-c3c8-4086-9cc9-d3f0561529ac-768x576.jpg 768w, https:\/\/agora.xtec.cat\/ceipmisericordia-reus\/wp-content\/uploads\/usu2066\/2022\/12\/d3b01955-c3c8-4086-9cc9-d3f0561529ac-1536x1152.jpg 1536w, https:\/\/agora.xtec.cat\/ceipmisericordia-reus\/wp-content\/uploads\/usu2066\/2022\/12\/d3b01955-c3c8-4086-9cc9-d3f0561529ac-200x150.jpg 200w, https:\/\/agora.xtec.cat\/ceipmisericordia-reus\/wp-content\/uploads\/usu2066\/2022\/12\/d3b01955-c3c8-4086-9cc9-d3f0561529ac.jpg 2048w\" sizes=\"auto, (max-width: 300px) 100vw, 300px\" \/><\/a><\/p>\n","protected":false},"excerpt":{"rendered":"<p>Els alumnes de 6\u00e8 han realitzat una activitat sobre l&#8217;any Gabriel Ferrater a la biblioteca Xavier Amor\u00f2s. A partir de les pistes que els han donat, han format una il\u00b7lustraci\u00f3 referent a un dels poemes de Ferrater. A m\u00e9s, han treballat els poemes: rimes, figures&hellip;  <a href=\"https:\/\/agora.xtec.cat\/ceipmisericordia-reus\/general\/6e-visita-la-biblioteca-xavier-amoros\/\" title=\"Read 6\u00e8 VISITA LA BIBLIOTECA XAVIER AMOR\u00d2S\">Llegeix m\u00e9s\u00bb<\/a><\/p>\n","protected":false},"author":4,"featured_media":0,"comment_status":"open","ping_status":"closed","sticky":false,"template":"","format":"standard","meta":{"_bbp_topic_count":0,"_bbp_reply_count":0,"_bbp_total_topic_count":0,"_bbp_total_reply_count":0,"_bbp_voice_count":0,"_bbp_anonymous_reply_count":0,"_bbp_topic_count_hidden":0,"_bbp_reply_count_hidden":0,"_bbp_forum_subforum_count":0,"footnotes":""},"categories":[15,77,91,1,4],"tags":[125,236,127],"class_list":["post-8766","post","type-post","status-publish","format-standard","hentry","category-6e","category-biblioteca","category-ed-primaria","category-general","category-portada","tag-escolamisericordiadereus","tag-monmisericordia","tag-reus"],"post_mailing_queue_ids":[],"_links":{"self":[{"href":"https:\/\/agora.xtec.cat\/ceipmisericordia-reus\/wp-json\/wp\/v2\/posts\/8766","targetHints":{"allow":["GET"]}}],"collection":[{"href":"https:\/\/agora.xtec.cat\/ceipmisericordia-reus\/wp-json\/wp\/v2\/posts"}],"about":[{"href":"https:\/\/agora.xtec.cat\/ceipmisericordia-reus\/wp-json\/wp\/v2\/types\/post"}],"author":[{"embeddable":true,"href":"https:\/\/agora.xtec.cat\/ceipmisericordia-reus\/wp-json\/wp\/v2\/users\/4"}],"replies":[{"embeddable":true,"href":"https:\/\/agora.xtec.cat\/ceipmisericordia-reus\/wp-json\/wp\/v2\/comments?post=8766"}],"version-history":[{"count":1,"href":"https:\/\/agora.xtec.cat\/ceipmisericordia-reus\/wp-json\/wp\/v2\/posts\/8766\/revisions"}],"predecessor-version":[{"id":8768,"href":"https:\/\/agora.xtec.cat\/ceipmisericordia-reus\/wp-json\/wp\/v2\/posts\/8766\/revisions\/8768"}],"wp:attachment":[{"href":"https:\/\/agora.xtec.cat\/ceipmisericordia-reus\/wp-json\/wp\/v2\/media?parent=8766"}],"wp:term":[{"taxonomy":"category","embeddable":true,"href":"https:\/\/agora.xtec.cat\/ceipmisericordia-reus\/wp-json\/wp\/v2\/categories?post=8766"},{"taxonomy":"post_tag","embeddable":true,"href":"https:\/\/agora.xtec.cat\/ceipmisericordia-reus\/wp-json\/wp\/v2\/tags?post=8766"}],"curies":[{"name":"wp","href":"https:\/\/api.w.org\/{rel}","templated":true}]}}