{"id":8757,"date":"2022-12-07T11:54:46","date_gmt":"2022-12-07T10:54:46","guid":{"rendered":"https:\/\/agora.xtec.cat\/ceipmisericordia-reus\/?p=8757"},"modified":"2022-12-07T12:07:46","modified_gmt":"2022-12-07T11:07:46","slug":"cantem-al-velodrom-preparem-el-nadal","status":"publish","type":"post","link":"https:\/\/agora.xtec.cat\/ceipmisericordia-reus\/general\/cantem-al-velodrom-preparem-el-nadal\/","title":{"rendered":"CANTEM AL VEL\u00d2DROM &#8211; PREPAREM EL NADAL"},"content":{"rendered":"<p>Avui, dimecres 7\/12, hem anat tota l&#8217;escola a la Pla\u00e7a del Vel\u00f2drom a cantar la can\u00e7\u00f3 del Puf.<\/p>\n<p>Ten\u00edem moltes ganes de cantar aquesta can\u00e7\u00f3, que hem estat preparat molt b\u00e9, davant les nostres fam\u00edlies!<\/p>\n<p>Em comen\u00e7at amb un parell de can\u00e7ons que ens han tocat els nostres mestres Pablo i Carles i tot seguit em cantat, tots plegats, la can\u00e7\u00f3 del Puf sota la batuta de la mestra de m\u00fasica Pilar.<\/p>\n<p><a href=\"https:\/\/agora.xtec.cat\/ceipmisericordia-reus\/wp-content\/uploads\/usu2066\/2022\/12\/2af5ee3d-26bd-48ae-9e5d-b5d14ec0f1ea.jpg\"><img loading=\"lazy\" decoding=\"async\" class=\"size-medium wp-image-8758 alignleft\" src=\"https:\/\/agora.xtec.cat\/ceipmisericordia-reus\/wp-content\/uploads\/usu2066\/2022\/12\/2af5ee3d-26bd-48ae-9e5d-b5d14ec0f1ea-300x135.jpg\" alt=\"\" width=\"300\" height=\"135\" srcset=\"https:\/\/agora.xtec.cat\/ceipmisericordia-reus\/wp-content\/uploads\/usu2066\/2022\/12\/2af5ee3d-26bd-48ae-9e5d-b5d14ec0f1ea-300x135.jpg 300w, https:\/\/agora.xtec.cat\/ceipmisericordia-reus\/wp-content\/uploads\/usu2066\/2022\/12\/2af5ee3d-26bd-48ae-9e5d-b5d14ec0f1ea-1024x461.jpg 1024w, https:\/\/agora.xtec.cat\/ceipmisericordia-reus\/wp-content\/uploads\/usu2066\/2022\/12\/2af5ee3d-26bd-48ae-9e5d-b5d14ec0f1ea-768x346.jpg 768w, https:\/\/agora.xtec.cat\/ceipmisericordia-reus\/wp-content\/uploads\/usu2066\/2022\/12\/2af5ee3d-26bd-48ae-9e5d-b5d14ec0f1ea-1536x692.jpg 1536w, https:\/\/agora.xtec.cat\/ceipmisericordia-reus\/wp-content\/uploads\/usu2066\/2022\/12\/2af5ee3d-26bd-48ae-9e5d-b5d14ec0f1ea.jpg 2016w\" sizes=\"auto, (max-width: 300px) 100vw, 300px\" \/><\/a><\/p>\n","protected":false},"excerpt":{"rendered":"<p>Avui, dimecres 7\/12, hem anat tota l&#8217;escola a la Pla\u00e7a del Vel\u00f2drom a cantar la can\u00e7\u00f3 del Puf.<br \/>\nTen\u00edem moltes ganes de cantar aquesta can\u00e7\u00f3, que hem estat preparat molt b\u00e9, davant les nostres fam\u00edlies!<br \/>\nEm comen\u00e7at amb un parell de can\u00e7ons que ens han tocat els&hellip;  <a href=\"https:\/\/agora.xtec.cat\/ceipmisericordia-reus\/general\/cantem-al-velodrom-preparem-el-nadal\/\" title=\"Read CANTEM AL VEL\u00d2DROM &#8211; PREPAREM EL NADAL\">Llegeix m\u00e9s\u00bb<\/a><\/p>\n","protected":false},"author":4,"featured_media":0,"comment_status":"open","ping_status":"closed","sticky":false,"template":"","format":"standard","meta":{"_bbp_topic_count":0,"_bbp_reply_count":0,"_bbp_total_topic_count":0,"_bbp_total_reply_count":0,"_bbp_voice_count":0,"_bbp_anonymous_reply_count":0,"_bbp_topic_count_hidden":0,"_bbp_reply_count_hidden":0,"_bbp_forum_subforum_count":0,"footnotes":""},"categories":[92,90,91,76,1,81,4],"tags":[236,255,254],"class_list":["post-8757","post","type-post","status-publish","format-standard","hentry","category-activitats-al-centre","category-ed-infantil","category-ed-primaria","category-festes","category-general","category-musica","category-portada","tag-monmisericordia","tag-preparemelnadal","tag-puf"],"post_mailing_queue_ids":[],"_links":{"self":[{"href":"https:\/\/agora.xtec.cat\/ceipmisericordia-reus\/wp-json\/wp\/v2\/posts\/8757","targetHints":{"allow":["GET"]}}],"collection":[{"href":"https:\/\/agora.xtec.cat\/ceipmisericordia-reus\/wp-json\/wp\/v2\/posts"}],"about":[{"href":"https:\/\/agora.xtec.cat\/ceipmisericordia-reus\/wp-json\/wp\/v2\/types\/post"}],"author":[{"embeddable":true,"href":"https:\/\/agora.xtec.cat\/ceipmisericordia-reus\/wp-json\/wp\/v2\/users\/4"}],"replies":[{"embeddable":true,"href":"https:\/\/agora.xtec.cat\/ceipmisericordia-reus\/wp-json\/wp\/v2\/comments?post=8757"}],"version-history":[{"count":1,"href":"https:\/\/agora.xtec.cat\/ceipmisericordia-reus\/wp-json\/wp\/v2\/posts\/8757\/revisions"}],"predecessor-version":[{"id":8759,"href":"https:\/\/agora.xtec.cat\/ceipmisericordia-reus\/wp-json\/wp\/v2\/posts\/8757\/revisions\/8759"}],"wp:attachment":[{"href":"https:\/\/agora.xtec.cat\/ceipmisericordia-reus\/wp-json\/wp\/v2\/media?parent=8757"}],"wp:term":[{"taxonomy":"category","embeddable":true,"href":"https:\/\/agora.xtec.cat\/ceipmisericordia-reus\/wp-json\/wp\/v2\/categories?post=8757"},{"taxonomy":"post_tag","embeddable":true,"href":"https:\/\/agora.xtec.cat\/ceipmisericordia-reus\/wp-json\/wp\/v2\/tags?post=8757"}],"curies":[{"name":"wp","href":"https:\/\/api.w.org\/{rel}","templated":true}]}}