{"id":8741,"date":"2022-12-01T10:25:12","date_gmt":"2022-12-01T09:25:12","guid":{"rendered":"https:\/\/agora.xtec.cat\/ceipmisericordia-reus\/?p=8741"},"modified":"2022-12-01T19:37:50","modified_gmt":"2022-12-01T18:37:50","slug":"ritme-de-lescola","status":"publish","type":"post","link":"https:\/\/agora.xtec.cat\/ceipmisericordia-reus\/general\/ritme-de-lescola\/","title":{"rendered":"RITME DE L&#8217;ESCOLA"},"content":{"rendered":"<p>A partir del dilluns 5 de desembre la can\u00e7\u00f3 del ritme de l&#8217;escola ser\u00e0 &#8220;Aqu\u00ed \u00e9s nadal i estic content!&#8221;.<\/p>\n<p>Del grup musical &#8220;La Pegatina&#8221;.<\/p>\n<p>Esperem que us agradi!<\/p>\n<p>&nbsp;<\/p>\n<p><iframe loading=\"lazy\" title=\"Aqu\u00ed \u00e9s nadal i estic content! - La Pegatina (videoclip oficial)\" width=\"500\" height=\"281\" src=\"https:\/\/www.youtube.com\/embed\/3LSA4xXWcUM?feature=oembed\" frameborder=\"0\" allow=\"accelerometer; autoplay; clipboard-write; encrypted-media; gyroscope; picture-in-picture; web-share\" referrerpolicy=\"strict-origin-when-cross-origin\" allowfullscreen><\/iframe><\/p>\n","protected":false},"excerpt":{"rendered":"<p>A partir del dilluns 5 de desembre la can\u00e7\u00f3 del ritme de l&#8217;escola ser\u00e0 &#8220;Aqu\u00ed \u00e9s nadal i estic content!&#8221;.<br \/>\nDel grup musical &#8220;La Pegatina&#8221;.<br \/>\nEsperem que us agradi!<br \/>\n&nbsp;<\/p>\n","protected":false},"author":4,"featured_media":0,"comment_status":"open","ping_status":"closed","sticky":false,"template":"","format":"standard","meta":{"_bbp_topic_count":0,"_bbp_reply_count":0,"_bbp_total_topic_count":0,"_bbp_total_reply_count":0,"_bbp_voice_count":0,"_bbp_anonymous_reply_count":0,"_bbp_topic_count_hidden":0,"_bbp_reply_count_hidden":0,"_bbp_forum_subforum_count":0,"footnotes":""},"categories":[226,90,91,1,4],"tags":[],"class_list":["post-8741","post","type-post","status-publish","format-standard","hentry","category-canco-quinzenal","category-ed-infantil","category-ed-primaria","category-general","category-portada"],"post_mailing_queue_ids":[],"_links":{"self":[{"href":"https:\/\/agora.xtec.cat\/ceipmisericordia-reus\/wp-json\/wp\/v2\/posts\/8741","targetHints":{"allow":["GET"]}}],"collection":[{"href":"https:\/\/agora.xtec.cat\/ceipmisericordia-reus\/wp-json\/wp\/v2\/posts"}],"about":[{"href":"https:\/\/agora.xtec.cat\/ceipmisericordia-reus\/wp-json\/wp\/v2\/types\/post"}],"author":[{"embeddable":true,"href":"https:\/\/agora.xtec.cat\/ceipmisericordia-reus\/wp-json\/wp\/v2\/users\/4"}],"replies":[{"embeddable":true,"href":"https:\/\/agora.xtec.cat\/ceipmisericordia-reus\/wp-json\/wp\/v2\/comments?post=8741"}],"version-history":[{"count":2,"href":"https:\/\/agora.xtec.cat\/ceipmisericordia-reus\/wp-json\/wp\/v2\/posts\/8741\/revisions"}],"predecessor-version":[{"id":8743,"href":"https:\/\/agora.xtec.cat\/ceipmisericordia-reus\/wp-json\/wp\/v2\/posts\/8741\/revisions\/8743"}],"wp:attachment":[{"href":"https:\/\/agora.xtec.cat\/ceipmisericordia-reus\/wp-json\/wp\/v2\/media?parent=8741"}],"wp:term":[{"taxonomy":"category","embeddable":true,"href":"https:\/\/agora.xtec.cat\/ceipmisericordia-reus\/wp-json\/wp\/v2\/categories?post=8741"},{"taxonomy":"post_tag","embeddable":true,"href":"https:\/\/agora.xtec.cat\/ceipmisericordia-reus\/wp-json\/wp\/v2\/tags?post=8741"}],"curies":[{"name":"wp","href":"https:\/\/api.w.org\/{rel}","templated":true}]}}