{"id":8673,"date":"2022-11-14T11:39:28","date_gmt":"2022-11-14T10:39:28","guid":{"rendered":"https:\/\/agora.xtec.cat\/ceipmisericordia-reus\/?p=8673"},"modified":"2022-11-14T11:39:28","modified_gmt":"2022-11-14T10:39:28","slug":"un-sobre-misterios-ha-arribat-a-6e","status":"publish","type":"post","link":"https:\/\/agora.xtec.cat\/ceipmisericordia-reus\/general\/un-sobre-misterios-ha-arribat-a-6e\/","title":{"rendered":"UN SOBRE MISTERI\u00d3S HA ARRIBAT A 6\u00e8"},"content":{"rendered":"<p>El divendres a la tarda, mentre els alumnes de 6\u00e8 eren a classe, varen rebre un sobre amb imatges sobre la contaminaci\u00f3 dels oceans i l&#8217;\u00fas adequat de l&#8217;aigua. <span style=\"font-family: inherit; font-size: 1em;\">Analitzaren les imatges acuradament, una a una, preguntant-se qui els les hauria enviat i per qu\u00e8 ho hauria fet. Si en teniu cap pista, us agrairem la vostra col\u00b7laboraci\u00f3&#8230;<\/span><\/p>\n<p><a href=\"https:\/\/agora.xtec.cat\/ceipmisericordia-reus\/wp-content\/uploads\/usu2066\/2022\/11\/6666666666.jpg\"><img loading=\"lazy\" decoding=\"async\" class=\"size-full wp-image-8683 alignleft\" src=\"https:\/\/agora.xtec.cat\/ceipmisericordia-reus\/wp-content\/uploads\/usu2066\/2022\/11\/6666666666.jpg\" alt=\"\" width=\"1024\" height=\"768\" srcset=\"https:\/\/agora.xtec.cat\/ceipmisericordia-reus\/wp-content\/uploads\/usu2066\/2022\/11\/6666666666.jpg 1024w, https:\/\/agora.xtec.cat\/ceipmisericordia-reus\/wp-content\/uploads\/usu2066\/2022\/11\/6666666666-300x225.jpg 300w, https:\/\/agora.xtec.cat\/ceipmisericordia-reus\/wp-content\/uploads\/usu2066\/2022\/11\/6666666666-768x576.jpg 768w, https:\/\/agora.xtec.cat\/ceipmisericordia-reus\/wp-content\/uploads\/usu2066\/2022\/11\/6666666666-200x150.jpg 200w\" sizes=\"auto, (max-width: 1024px) 100vw, 1024px\" \/><\/a><\/p>\n<p>&nbsp;<\/p>\n<p>&nbsp;<\/p>\n","protected":false},"excerpt":{"rendered":"<p>El divendres a la tarda, mentre els alumnes de 6\u00e8 eren a classe, varen rebre un sobre amb imatges sobre la contaminaci\u00f3 dels oceans i l&#8217;\u00fas adequat de l&#8217;aigua. Analitzaren les imatges acuradament, una a una, preguntant-se qui els les hauria enviat i per qu\u00e8&hellip;  <a href=\"https:\/\/agora.xtec.cat\/ceipmisericordia-reus\/general\/un-sobre-misterios-ha-arribat-a-6e\/\" title=\"Read UN SOBRE MISTERI\u00d3S HA ARRIBAT A 6\u00e8\">Llegeix m\u00e9s\u00bb<\/a><\/p>\n","protected":false},"author":4,"featured_media":0,"comment_status":"open","ping_status":"closed","sticky":false,"template":"","format":"standard","meta":{"_bbp_topic_count":0,"_bbp_reply_count":0,"_bbp_total_topic_count":0,"_bbp_total_reply_count":0,"_bbp_voice_count":0,"_bbp_anonymous_reply_count":0,"_bbp_topic_count_hidden":0,"_bbp_reply_count_hidden":0,"_bbp_forum_subforum_count":0,"footnotes":""},"categories":[15,80,62,190,1,4],"tags":[164,236,246,245],"class_list":["post-8673","post","type-post","status-publish","format-standard","hentry","category-6e","category-cicle-superior","category-escola-verda","category-escola-verda-escola-verda","category-general","category-portada","tag-escolaverda","tag-monmisericordia","tag-projectereduim","tag-reus2030"],"post_mailing_queue_ids":[],"_links":{"self":[{"href":"https:\/\/agora.xtec.cat\/ceipmisericordia-reus\/wp-json\/wp\/v2\/posts\/8673","targetHints":{"allow":["GET"]}}],"collection":[{"href":"https:\/\/agora.xtec.cat\/ceipmisericordia-reus\/wp-json\/wp\/v2\/posts"}],"about":[{"href":"https:\/\/agora.xtec.cat\/ceipmisericordia-reus\/wp-json\/wp\/v2\/types\/post"}],"author":[{"embeddable":true,"href":"https:\/\/agora.xtec.cat\/ceipmisericordia-reus\/wp-json\/wp\/v2\/users\/4"}],"replies":[{"embeddable":true,"href":"https:\/\/agora.xtec.cat\/ceipmisericordia-reus\/wp-json\/wp\/v2\/comments?post=8673"}],"version-history":[{"count":3,"href":"https:\/\/agora.xtec.cat\/ceipmisericordia-reus\/wp-json\/wp\/v2\/posts\/8673\/revisions"}],"predecessor-version":[{"id":8685,"href":"https:\/\/agora.xtec.cat\/ceipmisericordia-reus\/wp-json\/wp\/v2\/posts\/8673\/revisions\/8685"}],"wp:attachment":[{"href":"https:\/\/agora.xtec.cat\/ceipmisericordia-reus\/wp-json\/wp\/v2\/media?parent=8673"}],"wp:term":[{"taxonomy":"category","embeddable":true,"href":"https:\/\/agora.xtec.cat\/ceipmisericordia-reus\/wp-json\/wp\/v2\/categories?post=8673"},{"taxonomy":"post_tag","embeddable":true,"href":"https:\/\/agora.xtec.cat\/ceipmisericordia-reus\/wp-json\/wp\/v2\/tags?post=8673"}],"curies":[{"name":"wp","href":"https:\/\/api.w.org\/{rel}","templated":true}]}}