{"id":8669,"date":"2022-11-10T21:49:44","date_gmt":"2022-11-10T20:49:44","guid":{"rendered":"https:\/\/agora.xtec.cat\/ceipmisericordia-reus\/?p=8669"},"modified":"2022-11-14T10:02:26","modified_gmt":"2022-11-14T09:02:26","slug":"la-classe-del-drac-i-en-puff","status":"publish","type":"post","link":"https:\/\/agora.xtec.cat\/ceipmisericordia-reus\/portada\/la-classe-del-drac-i-en-puff\/","title":{"rendered":"LA CLASSE DEL DRAC I EN PUFF!"},"content":{"rendered":"<p>Hola fam\u00edlies!<\/p>\n<p>&#8220;El r\u00edtme de l&#8217;escola&#8221; no tan sols ens acompanya a les entrades i sortides, sin\u00f3 que a la classe del Drac, escoltem, capgirem i analitzem la can\u00e7\u00f3 de dalt a baix!<\/p>\n<p>Aquesta setmana, com no podia ser d&#8217;altra forma, hem treballat la coneguda can\u00e7\u00f3 del drac etern: &#8220;Puff, era un drac m\u00e0gic!&#8221;.<\/p>\n<p><a href=\"https:\/\/agora.xtec.cat\/ceipmisericordia-reus\/wp-content\/uploads\/usu2066\/2022\/11\/WhatsApp-Image-2022-11-10-at-21.31.32.jpeg\"><img loading=\"lazy\" decoding=\"async\" class=\"aligncenter wp-image-8670\" src=\"https:\/\/agora.xtec.cat\/ceipmisericordia-reus\/wp-content\/uploads\/usu2066\/2022\/11\/WhatsApp-Image-2022-11-10-at-21.31.32.jpeg\" alt=\"\" width=\"392\" height=\"672\" srcset=\"https:\/\/agora.xtec.cat\/ceipmisericordia-reus\/wp-content\/uploads\/usu2066\/2022\/11\/WhatsApp-Image-2022-11-10-at-21.31.32.jpeg 934w, https:\/\/agora.xtec.cat\/ceipmisericordia-reus\/wp-content\/uploads\/usu2066\/2022\/11\/WhatsApp-Image-2022-11-10-at-21.31.32-175x300.jpeg 175w, https:\/\/agora.xtec.cat\/ceipmisericordia-reus\/wp-content\/uploads\/usu2066\/2022\/11\/WhatsApp-Image-2022-11-10-at-21.31.32-598x1024.jpeg 598w, https:\/\/agora.xtec.cat\/ceipmisericordia-reus\/wp-content\/uploads\/usu2066\/2022\/11\/WhatsApp-Image-2022-11-10-at-21.31.32-768x1316.jpeg 768w, https:\/\/agora.xtec.cat\/ceipmisericordia-reus\/wp-content\/uploads\/usu2066\/2022\/11\/WhatsApp-Image-2022-11-10-at-21.31.32-897x1536.jpeg 897w\" sizes=\"auto, (max-width: 392px) 100vw, 392px\" \/><\/a><\/p>\n<p>&nbsp;<\/p>\n","protected":false},"excerpt":{"rendered":"<p>Hola fam\u00edlies!<br \/>\n&#8220;El r\u00edtme de l&#8217;escola&#8221; no tan sols ens acompanya a les entrades i sortides, sin\u00f3 que a la classe del Drac, escoltem, capgirem i analitzem la can\u00e7\u00f3 de dalt a baix!<br \/>\nAquesta setmana, com no podia ser d&#8217;altra forma, hem treballat la coneguda can\u00e7\u00f3 del&hellip;  <a href=\"https:\/\/agora.xtec.cat\/ceipmisericordia-reus\/portada\/la-classe-del-drac-i-en-puff\/\" title=\"Read LA CLASSE DEL DRAC I EN PUFF!\">Llegeix m\u00e9s\u00bb<\/a><\/p>\n","protected":false},"author":4,"featured_media":0,"comment_status":"open","ping_status":"closed","sticky":false,"template":"","format":"standard","meta":{"_bbp_topic_count":0,"_bbp_reply_count":0,"_bbp_total_topic_count":0,"_bbp_total_reply_count":0,"_bbp_voice_count":0,"_bbp_anonymous_reply_count":0,"_bbp_topic_count_hidden":0,"_bbp_reply_count_hidden":0,"_bbp_forum_subforum_count":0,"footnotes":""},"categories":[92,226,80,91,4,5],"tags":[],"class_list":["post-8669","post","type-post","status-publish","format-standard","hentry","category-activitats-al-centre","category-canco-quinzenal","category-cicle-superior","category-ed-primaria","category-portada","category-primaria"],"post_mailing_queue_ids":[],"_links":{"self":[{"href":"https:\/\/agora.xtec.cat\/ceipmisericordia-reus\/wp-json\/wp\/v2\/posts\/8669","targetHints":{"allow":["GET"]}}],"collection":[{"href":"https:\/\/agora.xtec.cat\/ceipmisericordia-reus\/wp-json\/wp\/v2\/posts"}],"about":[{"href":"https:\/\/agora.xtec.cat\/ceipmisericordia-reus\/wp-json\/wp\/v2\/types\/post"}],"author":[{"embeddable":true,"href":"https:\/\/agora.xtec.cat\/ceipmisericordia-reus\/wp-json\/wp\/v2\/users\/4"}],"replies":[{"embeddable":true,"href":"https:\/\/agora.xtec.cat\/ceipmisericordia-reus\/wp-json\/wp\/v2\/comments?post=8669"}],"version-history":[{"count":3,"href":"https:\/\/agora.xtec.cat\/ceipmisericordia-reus\/wp-json\/wp\/v2\/posts\/8669\/revisions"}],"predecessor-version":[{"id":8675,"href":"https:\/\/agora.xtec.cat\/ceipmisericordia-reus\/wp-json\/wp\/v2\/posts\/8669\/revisions\/8675"}],"wp:attachment":[{"href":"https:\/\/agora.xtec.cat\/ceipmisericordia-reus\/wp-json\/wp\/v2\/media?parent=8669"}],"wp:term":[{"taxonomy":"category","embeddable":true,"href":"https:\/\/agora.xtec.cat\/ceipmisericordia-reus\/wp-json\/wp\/v2\/categories?post=8669"},{"taxonomy":"post_tag","embeddable":true,"href":"https:\/\/agora.xtec.cat\/ceipmisericordia-reus\/wp-json\/wp\/v2\/tags?post=8669"}],"curies":[{"name":"wp","href":"https:\/\/api.w.org\/{rel}","templated":true}]}}