{"id":8624,"date":"2022-11-03T10:15:15","date_gmt":"2022-11-03T09:15:15","guid":{"rendered":"https:\/\/agora.xtec.cat\/ceipmisericordia-reus\/?p=8624"},"modified":"2022-11-03T18:51:08","modified_gmt":"2022-11-03T17:51:08","slug":"el-ritme-de-lescola-puff-el-drac-magic","status":"publish","type":"post","link":"https:\/\/agora.xtec.cat\/ceipmisericordia-reus\/portada\/el-ritme-de-lescola-puff-el-drac-magic\/","title":{"rendered":"EL RITME DE L&#8217;ESCOLA &#8211; PUFF, EL DRAC M\u00c0GIC"},"content":{"rendered":"<p>A partir del dilluns 7 de novembre el ritme de l&#8217;escola ser\u00e0 la can\u00e7\u00f3 &#8220;Puff, el drac m\u00e0gic&#8221; del grup Falsterbo.<\/p>\n<p>Gaudiu-la!<\/p>\n<p><iframe loading=\"lazy\" title=\"Paff, el Drac M\u00e0gic\" width=\"500\" height=\"375\" src=\"https:\/\/www.youtube.com\/embed\/mXRZp7kBPyw?feature=oembed\" frameborder=\"0\" allow=\"accelerometer; autoplay; clipboard-write; encrypted-media; gyroscope; picture-in-picture; web-share\" referrerpolicy=\"strict-origin-when-cross-origin\" allowfullscreen><\/iframe><\/p>\n","protected":false},"excerpt":{"rendered":"<p>A partir del dilluns 7 de novembre el ritme de l&#8217;escola ser\u00e0 la can\u00e7\u00f3 &#8220;Puff, el drac m\u00e0gic&#8221; del grup Falsterbo.<br \/>\nGaudiu-la!<\/p>\n","protected":false},"author":4,"featured_media":0,"comment_status":"open","ping_status":"closed","sticky":false,"template":"","format":"standard","meta":{"_bbp_topic_count":0,"_bbp_reply_count":0,"_bbp_total_topic_count":0,"_bbp_total_reply_count":0,"_bbp_voice_count":0,"_bbp_anonymous_reply_count":0,"_bbp_topic_count_hidden":0,"_bbp_reply_count_hidden":0,"_bbp_forum_subforum_count":0,"footnotes":""},"categories":[226,242,4],"tags":[],"class_list":["post-8624","post","type-post","status-publish","format-standard","hentry","category-canco-quinzenal","category-comissio-marqueting-i-promocio","category-portada"],"post_mailing_queue_ids":[],"_links":{"self":[{"href":"https:\/\/agora.xtec.cat\/ceipmisericordia-reus\/wp-json\/wp\/v2\/posts\/8624","targetHints":{"allow":["GET"]}}],"collection":[{"href":"https:\/\/agora.xtec.cat\/ceipmisericordia-reus\/wp-json\/wp\/v2\/posts"}],"about":[{"href":"https:\/\/agora.xtec.cat\/ceipmisericordia-reus\/wp-json\/wp\/v2\/types\/post"}],"author":[{"embeddable":true,"href":"https:\/\/agora.xtec.cat\/ceipmisericordia-reus\/wp-json\/wp\/v2\/users\/4"}],"replies":[{"embeddable":true,"href":"https:\/\/agora.xtec.cat\/ceipmisericordia-reus\/wp-json\/wp\/v2\/comments?post=8624"}],"version-history":[{"count":1,"href":"https:\/\/agora.xtec.cat\/ceipmisericordia-reus\/wp-json\/wp\/v2\/posts\/8624\/revisions"}],"predecessor-version":[{"id":8625,"href":"https:\/\/agora.xtec.cat\/ceipmisericordia-reus\/wp-json\/wp\/v2\/posts\/8624\/revisions\/8625"}],"wp:attachment":[{"href":"https:\/\/agora.xtec.cat\/ceipmisericordia-reus\/wp-json\/wp\/v2\/media?parent=8624"}],"wp:term":[{"taxonomy":"category","embeddable":true,"href":"https:\/\/agora.xtec.cat\/ceipmisericordia-reus\/wp-json\/wp\/v2\/categories?post=8624"},{"taxonomy":"post_tag","embeddable":true,"href":"https:\/\/agora.xtec.cat\/ceipmisericordia-reus\/wp-json\/wp\/v2\/tags?post=8624"}],"curies":[{"name":"wp","href":"https:\/\/api.w.org\/{rel}","templated":true}]}}