{"id":8571,"date":"2022-10-25T12:49:49","date_gmt":"2022-10-25T10:49:49","guid":{"rendered":"https:\/\/agora.xtec.cat\/ceipmisericordia-reus\/?p=8571"},"modified":"2022-11-08T09:09:52","modified_gmt":"2022-11-08T08:09:52","slug":"el-protagonista-a-6e","status":"publish","type":"post","link":"https:\/\/agora.xtec.cat\/ceipmisericordia-reus\/portada\/el-protagonista-a-6e\/","title":{"rendered":"El protagonista a 6\u00e8"},"content":{"rendered":"<p>Aquests dies a la classe d&#8217;angl\u00e8s, els nens i nenes de 6\u00e8 estem fent molt bona feina! En aquesta activitat, els alumnes s\u00f3n capa\u00e7os de presentar-se ells mateixos a la resta del grup-classe, compartint, explicant dades, an\u00e8cdotes, els seus interessos, gustos&#8230;i tot aix\u00f2 en angl\u00e8s, la qual cosa esdev\u00e9 un gran repte.<\/p>\n<p>Aquesta activitat \u00e9s fant\u00e0stica perqu\u00e8 millora la relaci\u00f3 i cohesi\u00f3 del grup-classe, potencia la qualitat del llenguatge oral, enriqueix el vocabulari i\u00a0 a m\u00e9s a m\u00e9s facilita saber expressar-se en p\u00fablic.<\/p>\n<p><span style=\"color: #800080;\">Well done!<\/span><\/p>\n<p><a href=\"https:\/\/agora.xtec.cat\/ceipmisericordia-reus\/wp-content\/uploads\/usu2066\/2022\/10\/2022_10_25_12_47_14_061.jpg\"><img loading=\"lazy\" decoding=\"async\" class=\"aligncenter size-medium wp-image-8572\" src=\"https:\/\/agora.xtec.cat\/ceipmisericordia-reus\/wp-content\/uploads\/usu2066\/2022\/10\/2022_10_25_12_47_14_061-300x300.jpg\" alt=\"\" width=\"300\" height=\"300\" srcset=\"https:\/\/agora.xtec.cat\/ceipmisericordia-reus\/wp-content\/uploads\/usu2066\/2022\/10\/2022_10_25_12_47_14_061-300x300.jpg 300w, https:\/\/agora.xtec.cat\/ceipmisericordia-reus\/wp-content\/uploads\/usu2066\/2022\/10\/2022_10_25_12_47_14_061-1024x1024.jpg 1024w, https:\/\/agora.xtec.cat\/ceipmisericordia-reus\/wp-content\/uploads\/usu2066\/2022\/10\/2022_10_25_12_47_14_061-150x150.jpg 150w, https:\/\/agora.xtec.cat\/ceipmisericordia-reus\/wp-content\/uploads\/usu2066\/2022\/10\/2022_10_25_12_47_14_061-768x768.jpg 768w, https:\/\/agora.xtec.cat\/ceipmisericordia-reus\/wp-content\/uploads\/usu2066\/2022\/10\/2022_10_25_12_47_14_061.jpg 1080w\" sizes=\"auto, (max-width: 300px) 100vw, 300px\" \/><\/a><\/p>\n<p>&nbsp;<\/p>\n<p>&nbsp;<\/p>\n<p>&nbsp;<\/p>\n<p>&nbsp;<\/p>\n","protected":false},"excerpt":{"rendered":"<p>Aquests dies a la classe d&#8217;angl\u00e8s, els nens i nenes de 6\u00e8 estem fent molt bona feina! En aquesta activitat, els alumnes s\u00f3n capa\u00e7os de presentar-se ells mateixos a la resta del grup-classe, compartint, explicant dades, an\u00e8cdotes, els seus interessos, gustos&#8230;i tot aix\u00f2 en angl\u00e8s,&hellip;  <a href=\"https:\/\/agora.xtec.cat\/ceipmisericordia-reus\/portada\/el-protagonista-a-6e\/\" title=\"Read El protagonista a 6\u00e8\">Llegeix m\u00e9s\u00bb<\/a><\/p>\n","protected":false},"author":4,"featured_media":0,"comment_status":"open","ping_status":"closed","sticky":false,"template":"","format":"standard","meta":{"_bbp_topic_count":0,"_bbp_reply_count":0,"_bbp_total_topic_count":0,"_bbp_total_reply_count":0,"_bbp_voice_count":0,"_bbp_anonymous_reply_count":0,"_bbp_topic_count_hidden":0,"_bbp_reply_count_hidden":0,"_bbp_forum_subforum_count":0,"footnotes":""},"categories":[15,84,80,66,4,5],"tags":[],"class_list":["post-8571","post","type-post","status-publish","format-standard","hentry","category-6e","category-angles","category-cicle-superior","category-gep","category-portada","category-primaria"],"post_mailing_queue_ids":[],"_links":{"self":[{"href":"https:\/\/agora.xtec.cat\/ceipmisericordia-reus\/wp-json\/wp\/v2\/posts\/8571","targetHints":{"allow":["GET"]}}],"collection":[{"href":"https:\/\/agora.xtec.cat\/ceipmisericordia-reus\/wp-json\/wp\/v2\/posts"}],"about":[{"href":"https:\/\/agora.xtec.cat\/ceipmisericordia-reus\/wp-json\/wp\/v2\/types\/post"}],"author":[{"embeddable":true,"href":"https:\/\/agora.xtec.cat\/ceipmisericordia-reus\/wp-json\/wp\/v2\/users\/4"}],"replies":[{"embeddable":true,"href":"https:\/\/agora.xtec.cat\/ceipmisericordia-reus\/wp-json\/wp\/v2\/comments?post=8571"}],"version-history":[{"count":1,"href":"https:\/\/agora.xtec.cat\/ceipmisericordia-reus\/wp-json\/wp\/v2\/posts\/8571\/revisions"}],"predecessor-version":[{"id":8573,"href":"https:\/\/agora.xtec.cat\/ceipmisericordia-reus\/wp-json\/wp\/v2\/posts\/8571\/revisions\/8573"}],"wp:attachment":[{"href":"https:\/\/agora.xtec.cat\/ceipmisericordia-reus\/wp-json\/wp\/v2\/media?parent=8571"}],"wp:term":[{"taxonomy":"category","embeddable":true,"href":"https:\/\/agora.xtec.cat\/ceipmisericordia-reus\/wp-json\/wp\/v2\/categories?post=8571"},{"taxonomy":"post_tag","embeddable":true,"href":"https:\/\/agora.xtec.cat\/ceipmisericordia-reus\/wp-json\/wp\/v2\/tags?post=8571"}],"curies":[{"name":"wp","href":"https:\/\/api.w.org\/{rel}","templated":true}]}}