{"id":8566,"date":"2022-10-24T13:35:29","date_gmt":"2022-10-24T11:35:29","guid":{"rendered":"https:\/\/agora.xtec.cat\/ceipmisericordia-reus\/?p=8566"},"modified":"2022-10-27T10:29:40","modified_gmt":"2022-10-27T08:29:40","slug":"celebrem-el-dia-del-clima-a-5e-i-6e","status":"publish","type":"post","link":"https:\/\/agora.xtec.cat\/ceipmisericordia-reus\/general\/celebrem-el-dia-del-clima-a-5e-i-6e\/","title":{"rendered":"Celebrem el dia del clima a 5\u00e8 i 6\u00e8"},"content":{"rendered":"<p>Els alumnes de 5\u00e8 i 6\u00e8 han participat en el dia del clima junt a altres nens de 8 escoles i instituts de Reus.<\/p>\n<p>A classe han reflexionat sobre el canvi clim\u00e0tic i les accions que com a ciutadans poden fer per pal\u00b7liar-ho. I avui han sortit en manifestaci\u00f3 cap a la pla\u00e7a Mercadal, on s&#8217;han llegit diversos manifestos per motivar la ciutadania a prendre consci\u00e8ncia i responsabilitat ambiental.<\/p>\n<p>#monmisericordia <span style=\"font-family: inherit; font-size: 1em;\">#Reus2030 #ObjectiuREUSiduZero #ClimateChangedMe #canviclim\u00e0tic #cambioclim\u00e1tico<\/span><\/p>\n<p><a href=\"https:\/\/agora.xtec.cat\/ceipmisericordia-reus\/wp-content\/uploads\/usu2066\/2022\/10\/6bbf89f5-6482-4be1-b7d4-9c69fcf5ba1a.jpg\"><img loading=\"lazy\" decoding=\"async\" class=\"alignleft size-full wp-image-8568\" src=\"https:\/\/agora.xtec.cat\/ceipmisericordia-reus\/wp-content\/uploads\/usu2066\/2022\/10\/6bbf89f5-6482-4be1-b7d4-9c69fcf5ba1a.jpg\" alt=\"\" width=\"1600\" height=\"900\" srcset=\"https:\/\/agora.xtec.cat\/ceipmisericordia-reus\/wp-content\/uploads\/usu2066\/2022\/10\/6bbf89f5-6482-4be1-b7d4-9c69fcf5ba1a.jpg 1600w, https:\/\/agora.xtec.cat\/ceipmisericordia-reus\/wp-content\/uploads\/usu2066\/2022\/10\/6bbf89f5-6482-4be1-b7d4-9c69fcf5ba1a-300x169.jpg 300w, https:\/\/agora.xtec.cat\/ceipmisericordia-reus\/wp-content\/uploads\/usu2066\/2022\/10\/6bbf89f5-6482-4be1-b7d4-9c69fcf5ba1a-1024x576.jpg 1024w, https:\/\/agora.xtec.cat\/ceipmisericordia-reus\/wp-content\/uploads\/usu2066\/2022\/10\/6bbf89f5-6482-4be1-b7d4-9c69fcf5ba1a-768x432.jpg 768w, https:\/\/agora.xtec.cat\/ceipmisericordia-reus\/wp-content\/uploads\/usu2066\/2022\/10\/6bbf89f5-6482-4be1-b7d4-9c69fcf5ba1a-1536x864.jpg 1536w\" sizes=\"auto, (max-width: 1600px) 100vw, 1600px\" \/><\/a><\/p>\n<p>&nbsp;<\/p>\n","protected":false},"excerpt":{"rendered":"<p>Els alumnes de 5\u00e8 i 6\u00e8 han participat en el dia del clima junt a altres nens de 8 escoles i instituts de Reus.<br \/>\nA classe han reflexionat sobre el canvi clim\u00e0tic i les accions que com a ciutadans poden fer per pal\u00b7liar-ho. I avui han&hellip;  <a href=\"https:\/\/agora.xtec.cat\/ceipmisericordia-reus\/general\/celebrem-el-dia-del-clima-a-5e-i-6e\/\" title=\"Read Celebrem el dia del clima a 5\u00e8 i 6\u00e8\">Llegeix m\u00e9s\u00bb<\/a><\/p>\n","protected":false},"author":4,"featured_media":0,"comment_status":"open","ping_status":"closed","sticky":false,"template":"","format":"standard","meta":{"_bbp_topic_count":0,"_bbp_reply_count":0,"_bbp_total_topic_count":0,"_bbp_total_reply_count":0,"_bbp_voice_count":0,"_bbp_anonymous_reply_count":0,"_bbp_topic_count_hidden":0,"_bbp_reply_count_hidden":0,"_bbp_forum_subforum_count":0,"footnotes":""},"categories":[14,15,80,70,91,62,1,4],"tags":[],"class_list":["post-8566","post","type-post","status-publish","format-standard","hentry","category-5e","category-6e","category-cicle-superior","category-comite-ambiental","category-ed-primaria","category-escola-verda","category-general","category-portada"],"post_mailing_queue_ids":[],"_links":{"self":[{"href":"https:\/\/agora.xtec.cat\/ceipmisericordia-reus\/wp-json\/wp\/v2\/posts\/8566","targetHints":{"allow":["GET"]}}],"collection":[{"href":"https:\/\/agora.xtec.cat\/ceipmisericordia-reus\/wp-json\/wp\/v2\/posts"}],"about":[{"href":"https:\/\/agora.xtec.cat\/ceipmisericordia-reus\/wp-json\/wp\/v2\/types\/post"}],"author":[{"embeddable":true,"href":"https:\/\/agora.xtec.cat\/ceipmisericordia-reus\/wp-json\/wp\/v2\/users\/4"}],"replies":[{"embeddable":true,"href":"https:\/\/agora.xtec.cat\/ceipmisericordia-reus\/wp-json\/wp\/v2\/comments?post=8566"}],"version-history":[{"count":3,"href":"https:\/\/agora.xtec.cat\/ceipmisericordia-reus\/wp-json\/wp\/v2\/posts\/8566\/revisions"}],"predecessor-version":[{"id":8601,"href":"https:\/\/agora.xtec.cat\/ceipmisericordia-reus\/wp-json\/wp\/v2\/posts\/8566\/revisions\/8601"}],"wp:attachment":[{"href":"https:\/\/agora.xtec.cat\/ceipmisericordia-reus\/wp-json\/wp\/v2\/media?parent=8566"}],"wp:term":[{"taxonomy":"category","embeddable":true,"href":"https:\/\/agora.xtec.cat\/ceipmisericordia-reus\/wp-json\/wp\/v2\/categories?post=8566"},{"taxonomy":"post_tag","embeddable":true,"href":"https:\/\/agora.xtec.cat\/ceipmisericordia-reus\/wp-json\/wp\/v2\/tags?post=8566"}],"curies":[{"name":"wp","href":"https:\/\/api.w.org\/{rel}","templated":true}]}}