{"id":8553,"date":"2022-10-14T12:50:40","date_gmt":"2022-10-14T10:50:40","guid":{"rendered":"https:\/\/agora.xtec.cat\/ceipmisericordia-reus\/?p=8553"},"modified":"2022-10-14T12:50:40","modified_gmt":"2022-10-14T10:50:40","slug":"projecte-vincles-4","status":"publish","type":"post","link":"https:\/\/agora.xtec.cat\/ceipmisericordia-reus\/portada\/projecte-vincles-4\/","title":{"rendered":"Projecte Vincles!"},"content":{"rendered":"<p style=\"text-align: justify;\">Ahir els nens i nenes de 5\u00e8 vam anar al Teatre Fortuny per comen\u00e7ar el projecte Vincles. All\u00ed vam poder con\u00e8ixer de primera m\u00e0 les parts del teatre, la seva hist\u00f2ria i moltes curiositats. Sabeu que dins del teatre hi ha un tallafocs? I que l&#8217;escenari est\u00e0 en pendent? I que no s&#8217;utilitzen micr\u00f2fons? I que antigament hi havia una part per a casats i una per solters?<\/p>\n<p style=\"text-align: justify;\">A m\u00e9s a m\u00e9s, despr\u00e9s vam poder con\u00e8ixer la import\u00e0ncia de treballar i escalfar la veu per tal de projectar-la i que arribi a tot el p\u00fablic.<\/p>\n<p style=\"text-align: justify;\">Ens ho vam passar genial! Va ser una visita molt emocionant i <a href=\"https:\/\/agora.xtec.cat\/ceipmisericordia-reus\/wp-content\/uploads\/usu2066\/2022\/10\/vincles-scaled.jpg\"><img loading=\"lazy\" decoding=\"async\" class=\"alignleft size-full wp-image-8555\" src=\"https:\/\/agora.xtec.cat\/ceipmisericordia-reus\/wp-content\/uploads\/usu2066\/2022\/10\/vincles-scaled.jpg\" alt=\"\" width=\"2560\" height=\"1540\" srcset=\"https:\/\/agora.xtec.cat\/ceipmisericordia-reus\/wp-content\/uploads\/usu2066\/2022\/10\/vincles-scaled.jpg 2560w, https:\/\/agora.xtec.cat\/ceipmisericordia-reus\/wp-content\/uploads\/usu2066\/2022\/10\/vincles-300x181.jpg 300w, https:\/\/agora.xtec.cat\/ceipmisericordia-reus\/wp-content\/uploads\/usu2066\/2022\/10\/vincles-1024x616.jpg 1024w, https:\/\/agora.xtec.cat\/ceipmisericordia-reus\/wp-content\/uploads\/usu2066\/2022\/10\/vincles-768x462.jpg 768w, https:\/\/agora.xtec.cat\/ceipmisericordia-reus\/wp-content\/uploads\/usu2066\/2022\/10\/vincles-1536x924.jpg 1536w, https:\/\/agora.xtec.cat\/ceipmisericordia-reus\/wp-content\/uploads\/usu2066\/2022\/10\/vincles-2048x1232.jpg 2048w\" sizes=\"auto, (max-width: 2560px) 100vw, 2560px\" \/><\/a>enriquidora!<\/p>\n<p>&nbsp;<\/p>\n<p>#monmisericordia #projectevincles<\/p>\n","protected":false},"excerpt":{"rendered":"<p>Ahir els nens i nenes de 5\u00e8 vam anar al Teatre Fortuny per comen\u00e7ar el projecte Vincles. All\u00ed vam poder con\u00e8ixer de primera m\u00e0 les parts del teatre, la seva hist\u00f2ria i moltes curiositats. Sabeu que dins del teatre hi ha un tallafocs? I que&hellip;  <a href=\"https:\/\/agora.xtec.cat\/ceipmisericordia-reus\/portada\/projecte-vincles-4\/\" title=\"Read Projecte Vincles!\">Llegeix m\u00e9s\u00bb<\/a><\/p>\n","protected":false},"author":4,"featured_media":0,"comment_status":"open","ping_status":"closed","sticky":false,"template":"","format":"standard","meta":{"_bbp_topic_count":0,"_bbp_reply_count":0,"_bbp_total_topic_count":0,"_bbp_total_reply_count":0,"_bbp_voice_count":0,"_bbp_anonymous_reply_count":0,"_bbp_topic_count_hidden":0,"_bbp_reply_count_hidden":0,"_bbp_forum_subforum_count":0,"footnotes":""},"categories":[14,4,225],"tags":[],"class_list":["post-8553","post","type-post","status-publish","format-standard","hentry","category-5e","category-portada","category-projecte-vincles"],"post_mailing_queue_ids":[],"_links":{"self":[{"href":"https:\/\/agora.xtec.cat\/ceipmisericordia-reus\/wp-json\/wp\/v2\/posts\/8553","targetHints":{"allow":["GET"]}}],"collection":[{"href":"https:\/\/agora.xtec.cat\/ceipmisericordia-reus\/wp-json\/wp\/v2\/posts"}],"about":[{"href":"https:\/\/agora.xtec.cat\/ceipmisericordia-reus\/wp-json\/wp\/v2\/types\/post"}],"author":[{"embeddable":true,"href":"https:\/\/agora.xtec.cat\/ceipmisericordia-reus\/wp-json\/wp\/v2\/users\/4"}],"replies":[{"embeddable":true,"href":"https:\/\/agora.xtec.cat\/ceipmisericordia-reus\/wp-json\/wp\/v2\/comments?post=8553"}],"version-history":[{"count":3,"href":"https:\/\/agora.xtec.cat\/ceipmisericordia-reus\/wp-json\/wp\/v2\/posts\/8553\/revisions"}],"predecessor-version":[{"id":8557,"href":"https:\/\/agora.xtec.cat\/ceipmisericordia-reus\/wp-json\/wp\/v2\/posts\/8553\/revisions\/8557"}],"wp:attachment":[{"href":"https:\/\/agora.xtec.cat\/ceipmisericordia-reus\/wp-json\/wp\/v2\/media?parent=8553"}],"wp:term":[{"taxonomy":"category","embeddable":true,"href":"https:\/\/agora.xtec.cat\/ceipmisericordia-reus\/wp-json\/wp\/v2\/categories?post=8553"},{"taxonomy":"post_tag","embeddable":true,"href":"https:\/\/agora.xtec.cat\/ceipmisericordia-reus\/wp-json\/wp\/v2\/tags?post=8553"}],"curies":[{"name":"wp","href":"https:\/\/api.w.org\/{rel}","templated":true}]}}