{"id":8522,"date":"2022-10-04T08:58:18","date_gmt":"2022-10-04T06:58:18","guid":{"rendered":"https:\/\/agora.xtec.cat\/ceipmisericordia-reus\/?p=8522"},"modified":"2022-10-04T08:58:18","modified_gmt":"2022-10-04T06:58:18","slug":"el-ritme-de-lescola","status":"publish","type":"post","link":"https:\/\/agora.xtec.cat\/ceipmisericordia-reus\/general\/el-ritme-de-lescola\/","title":{"rendered":"EL RITME DE L&#8217;ESCOLA"},"content":{"rendered":"<p>La can\u00e7\u00f3 que treballarem del 3 d&#8217;octubre fins el 14 d&#8217;octubre \u00e9s el SEPTET: 3r MOVIMENT de LUDWIG VAN BEETHOVEN.<\/p>\n<p><iframe loading=\"lazy\" title=\"EIBA- Ludwig van Beethoven &quot;Septeto: 3er. movimiento - (Septimino)&quot;\" width=\"500\" height=\"281\" src=\"https:\/\/www.youtube.com\/embed\/wxiKil4ulh0?feature=oembed\" frameborder=\"0\" allow=\"accelerometer; autoplay; clipboard-write; encrypted-media; gyroscope; picture-in-picture; web-share\" referrerpolicy=\"strict-origin-when-cross-origin\" allowfullscreen><\/iframe><\/p>\n<p>Un septet \u00e9s una composici\u00f3 per a set instruments. En aquest cas s\u00f3n 4 de corda i 3 de vent.<\/p>\n<p>Esperem que us agradi.<\/p>\n","protected":false},"excerpt":{"rendered":"<p>La can\u00e7\u00f3 que treballarem del 3 d&#8217;octubre fins el 14 d&#8217;octubre \u00e9s el SEPTET: 3r MOVIMENT de LUDWIG VAN BEETHOVEN.<\/p>\n<p>Un septet \u00e9s una composici\u00f3 per a set instruments. En aquest cas s\u00f3n 4 de corda i 3 de vent.<br \/>\nEsperem que us agradi.<\/p>\n","protected":false},"author":4,"featured_media":8523,"comment_status":"open","ping_status":"closed","sticky":false,"template":"","format":"standard","meta":{"_bbp_topic_count":0,"_bbp_reply_count":0,"_bbp_total_topic_count":0,"_bbp_total_reply_count":0,"_bbp_voice_count":0,"_bbp_anonymous_reply_count":0,"_bbp_topic_count_hidden":0,"_bbp_reply_count_hidden":0,"_bbp_forum_subforum_count":0,"footnotes":""},"categories":[92,1,81,4],"tags":[],"class_list":["post-8522","post","type-post","status-publish","format-standard","has-post-thumbnail","hentry","category-activitats-al-centre","category-general","category-musica","category-portada"],"post_mailing_queue_ids":[],"_links":{"self":[{"href":"https:\/\/agora.xtec.cat\/ceipmisericordia-reus\/wp-json\/wp\/v2\/posts\/8522","targetHints":{"allow":["GET"]}}],"collection":[{"href":"https:\/\/agora.xtec.cat\/ceipmisericordia-reus\/wp-json\/wp\/v2\/posts"}],"about":[{"href":"https:\/\/agora.xtec.cat\/ceipmisericordia-reus\/wp-json\/wp\/v2\/types\/post"}],"author":[{"embeddable":true,"href":"https:\/\/agora.xtec.cat\/ceipmisericordia-reus\/wp-json\/wp\/v2\/users\/4"}],"replies":[{"embeddable":true,"href":"https:\/\/agora.xtec.cat\/ceipmisericordia-reus\/wp-json\/wp\/v2\/comments?post=8522"}],"version-history":[{"count":1,"href":"https:\/\/agora.xtec.cat\/ceipmisericordia-reus\/wp-json\/wp\/v2\/posts\/8522\/revisions"}],"predecessor-version":[{"id":8524,"href":"https:\/\/agora.xtec.cat\/ceipmisericordia-reus\/wp-json\/wp\/v2\/posts\/8522\/revisions\/8524"}],"wp:featuredmedia":[{"embeddable":true,"href":"https:\/\/agora.xtec.cat\/ceipmisericordia-reus\/wp-json\/wp\/v2\/media\/8523"}],"wp:attachment":[{"href":"https:\/\/agora.xtec.cat\/ceipmisericordia-reus\/wp-json\/wp\/v2\/media?parent=8522"}],"wp:term":[{"taxonomy":"category","embeddable":true,"href":"https:\/\/agora.xtec.cat\/ceipmisericordia-reus\/wp-json\/wp\/v2\/categories?post=8522"},{"taxonomy":"post_tag","embeddable":true,"href":"https:\/\/agora.xtec.cat\/ceipmisericordia-reus\/wp-json\/wp\/v2\/tags?post=8522"}],"curies":[{"name":"wp","href":"https:\/\/api.w.org\/{rel}","templated":true}]}}