{"id":8485,"date":"2022-09-27T12:58:28","date_gmt":"2022-09-27T10:58:28","guid":{"rendered":"https:\/\/agora.xtec.cat\/ceipmisericordia-reus\/?p=8485"},"modified":"2022-09-27T12:58:32","modified_gmt":"2022-09-27T10:58:32","slug":"personatges-de-contes","status":"publish","type":"post","link":"https:\/\/agora.xtec.cat\/ceipmisericordia-reus\/portada\/personatges-de-contes\/","title":{"rendered":"PERSONATGES DE CONTES"},"content":{"rendered":"<p>Imaginaci\u00f3, il.lusions, creativitat, descobertes, m\u00f3ns fant\u00e0stics&#8230; Personatges de contes per aquest curs!!!\u00a0<a class=\"qi72231t nu7423ey n3hqoq4p r86q59rh b3qcqh3k fq87ekyn bdao358l fsf7x5fv rse6dlih s5oniofx m8h3af8h l7ghb35v kjdc1dyq kmwttqpk srn514ro oxkhqvkx rl78xhln nch0832m cr00lzj9 rn8ck1ys s3jn8y49 icdlwmnq cxfqmxzd pbevjfx6 innypi6y\" tabindex=\"0\" role=\"link\" href=\"https:\/\/www.facebook.com\/hashtag\/monmisericordia?__eep__=6&amp;__cft__[0]=AZVtAtmKa_a3IVzCEVwcI6laoxQiTxOyrBstVmjyl3oQpa34E7bHMvfFMJxtB_JrPpHyk6LFShdBl1s8cO6Iaegk2ZDqIP49z_pRTCK1-aGWig&amp;__tn__=*NK*F\">#monmisericordia<\/a>\u00a0<a class=\"qi72231t nu7423ey n3hqoq4p r86q59rh b3qcqh3k fq87ekyn bdao358l fsf7x5fv rse6dlih s5oniofx m8h3af8h l7ghb35v kjdc1dyq kmwttqpk srn514ro oxkhqvkx rl78xhln nch0832m cr00lzj9 rn8ck1ys s3jn8y49 icdlwmnq cxfqmxzd pbevjfx6 innypi6y\" tabindex=\"0\" role=\"link\" href=\"https:\/\/www.facebook.com\/hashtag\/escolamisericordiadereus?__eep__=6&amp;__cft__[0]=AZVtAtmKa_a3IVzCEVwcI6laoxQiTxOyrBstVmjyl3oQpa34E7bHMvfFMJxtB_JrPpHyk6LFShdBl1s8cO6Iaegk2ZDqIP49z_pRTCK1-aGWig&amp;__tn__=*NK*F\">#escolamisericordiadereus<\/a>\u00a0<a class=\"qi72231t nu7423ey n3hqoq4p r86q59rh b3qcqh3k fq87ekyn bdao358l fsf7x5fv rse6dlih s5oniofx m8h3af8h l7ghb35v kjdc1dyq kmwttqpk srn514ro oxkhqvkx rl78xhln nch0832m cr00lzj9 rn8ck1ys s3jn8y49 icdlwmnq cxfqmxzd pbevjfx6 innypi6y\" tabindex=\"0\" role=\"link\" href=\"https:\/\/www.facebook.com\/hashtag\/contes?__eep__=6&amp;__cft__[0]=AZVtAtmKa_a3IVzCEVwcI6laoxQiTxOyrBstVmjyl3oQpa34E7bHMvfFMJxtB_JrPpHyk6LFShdBl1s8cO6Iaegk2ZDqIP49z_pRTCK1-aGWig&amp;__tn__=*NK*F\">#contes<\/a>\u00a0<a class=\"qi72231t nu7423ey n3hqoq4p r86q59rh b3qcqh3k fq87ekyn bdao358l fsf7x5fv rse6dlih s5oniofx m8h3af8h l7ghb35v kjdc1dyq kmwttqpk srn514ro oxkhqvkx rl78xhln nch0832m cr00lzj9 rn8ck1ys s3jn8y49 icdlwmnq cxfqmxzd pbevjfx6 innypi6y\" tabindex=\"0\" role=\"link\" href=\"https:\/\/www.facebook.com\/hashtag\/personatges?__eep__=6&amp;__cft__[0]=AZVtAtmKa_a3IVzCEVwcI6laoxQiTxOyrBstVmjyl3oQpa34E7bHMvfFMJxtB_JrPpHyk6LFShdBl1s8cO6Iaegk2ZDqIP49z_pRTCK1-aGWig&amp;__tn__=*NK*F\">#personatges<\/a><\/p>\n<p><a href=\"https:\/\/agora.xtec.cat\/ceipmisericordia-reus\/wp-content\/uploads\/usu2066\/2022\/09\/20220927_124620-1-scaled.jpg\"><img loading=\"lazy\" decoding=\"async\" class=\"aligncenter size-full wp-image-8486\" src=\"https:\/\/agora.xtec.cat\/ceipmisericordia-reus\/wp-content\/uploads\/usu2066\/2022\/09\/20220927_124620-1-scaled.jpg\" alt=\"\" width=\"2560\" height=\"1102\" srcset=\"https:\/\/agora.xtec.cat\/ceipmisericordia-reus\/wp-content\/uploads\/usu2066\/2022\/09\/20220927_124620-1-scaled.jpg 2560w, https:\/\/agora.xtec.cat\/ceipmisericordia-reus\/wp-content\/uploads\/usu2066\/2022\/09\/20220927_124620-1-300x129.jpg 300w, https:\/\/agora.xtec.cat\/ceipmisericordia-reus\/wp-content\/uploads\/usu2066\/2022\/09\/20220927_124620-1-1024x441.jpg 1024w, https:\/\/agora.xtec.cat\/ceipmisericordia-reus\/wp-content\/uploads\/usu2066\/2022\/09\/20220927_124620-1-768x330.jpg 768w, https:\/\/agora.xtec.cat\/ceipmisericordia-reus\/wp-content\/uploads\/usu2066\/2022\/09\/20220927_124620-1-1536x661.jpg 1536w, https:\/\/agora.xtec.cat\/ceipmisericordia-reus\/wp-content\/uploads\/usu2066\/2022\/09\/20220927_124620-1-2048x881.jpg 2048w\" sizes=\"auto, (max-width: 2560px) 100vw, 2560px\" \/><\/a><\/p>\n","protected":false},"excerpt":{"rendered":"<p>Imaginaci\u00f3, il.lusions, creativitat, descobertes, m\u00f3ns fant\u00e0stics&#8230; Personatges de contes per aquest curs!!!\u00a0<a class=\"qi72231t nu7423ey n3hqoq4p r86q59rh b3qcqh3k fq87ekyn bdao358l fsf7x5fv rse6dlih s5oniofx m8h3af8h l7ghb35v kjdc1dyq kmwttqpk srn514ro oxkhqvkx rl78xhln nch0832m cr00lzj9 rn8ck1ys s3jn8y49 icdlwmnq cxfqmxzd pbevjfx6 innypi6y\" tabindex=\"0\" role=\"link\" href=\"https:\/\/www.facebook.com\/hashtag\/monmisericordia?__eep__=6&amp;__cft__[0]=AZVtAtmKa_a3IVzCEVwcI6laoxQiTxOyrBstVmjyl3oQpa34E7bHMvfFMJxtB_JrPpHyk6LFShdBl1s8cO6Iaegk2ZDqIP49z_pRTCK1-aGWig&amp;__tn__=*NK*F\">#monmisericordia<\/a>\u00a0<a class=\"qi72231t nu7423ey n3hqoq4p r86q59rh b3qcqh3k&hellip;  <a href=\"https:\/\/agora.xtec.cat\/ceipmisericordia-reus\/portada\/personatges-de-contes\/\" title=\"Read PERSONATGES DE CONTES\">Llegeix m\u00e9s\u00bb<\/a><\/p>\n","protected":false},"author":4,"featured_media":0,"comment_status":"open","ping_status":"closed","sticky":false,"template":"","format":"standard","meta":{"_bbp_topic_count":0,"_bbp_reply_count":0,"_bbp_total_topic_count":0,"_bbp_total_reply_count":0,"_bbp_voice_count":0,"_bbp_anonymous_reply_count":0,"_bbp_topic_count_hidden":0,"_bbp_reply_count_hidden":0,"_bbp_forum_subforum_count":0,"footnotes":""},"categories":[90,91,4],"tags":[],"class_list":["post-8485","post","type-post","status-publish","format-standard","hentry","category-ed-infantil","category-ed-primaria","category-portada"],"post_mailing_queue_ids":[],"_links":{"self":[{"href":"https:\/\/agora.xtec.cat\/ceipmisericordia-reus\/wp-json\/wp\/v2\/posts\/8485","targetHints":{"allow":["GET"]}}],"collection":[{"href":"https:\/\/agora.xtec.cat\/ceipmisericordia-reus\/wp-json\/wp\/v2\/posts"}],"about":[{"href":"https:\/\/agora.xtec.cat\/ceipmisericordia-reus\/wp-json\/wp\/v2\/types\/post"}],"author":[{"embeddable":true,"href":"https:\/\/agora.xtec.cat\/ceipmisericordia-reus\/wp-json\/wp\/v2\/users\/4"}],"replies":[{"embeddable":true,"href":"https:\/\/agora.xtec.cat\/ceipmisericordia-reus\/wp-json\/wp\/v2\/comments?post=8485"}],"version-history":[{"count":1,"href":"https:\/\/agora.xtec.cat\/ceipmisericordia-reus\/wp-json\/wp\/v2\/posts\/8485\/revisions"}],"predecessor-version":[{"id":8487,"href":"https:\/\/agora.xtec.cat\/ceipmisericordia-reus\/wp-json\/wp\/v2\/posts\/8485\/revisions\/8487"}],"wp:attachment":[{"href":"https:\/\/agora.xtec.cat\/ceipmisericordia-reus\/wp-json\/wp\/v2\/media?parent=8485"}],"wp:term":[{"taxonomy":"category","embeddable":true,"href":"https:\/\/agora.xtec.cat\/ceipmisericordia-reus\/wp-json\/wp\/v2\/categories?post=8485"},{"taxonomy":"post_tag","embeddable":true,"href":"https:\/\/agora.xtec.cat\/ceipmisericordia-reus\/wp-json\/wp\/v2\/tags?post=8485"}],"curies":[{"name":"wp","href":"https:\/\/api.w.org\/{rel}","templated":true}]}}