{"id":8410,"date":"2022-06-21T18:30:22","date_gmt":"2022-06-21T16:30:22","guid":{"rendered":"https:\/\/agora.xtec.cat\/ceipmisericordia-reus\/?p=8410"},"modified":"2022-06-21T18:30:22","modified_gmt":"2022-06-21T16:30:22","slug":"taller-de-percussio-i-dansa-africana-infantil","status":"publish","type":"post","link":"https:\/\/agora.xtec.cat\/ceipmisericordia-reus\/infantil\/taller-de-percussio-i-dansa-africana-infantil\/","title":{"rendered":"TALLER DE PERCUSSI\u00d3 I DANSA AFRICANA &#8211; INFANTIL"},"content":{"rendered":"<p>I avui ha estat el torn dels m\u00e9s petits de l&#8217;escola! \ud83c\udfb6\ud83d\udc4f Primer de tot, abans de posar-nos a ballar i a fer sonar els tambors, ens han explicat un conte tradicional de l&#8217;\u00c0frica. Despr\u00e9s, ens han presentat tots els instruments, i un cop hem apr\u00e8s com es deien, ha estat el moment d&#8217;endinsar-nos en els costums i tradicions del poble Malink\u00e9. A trav\u00e9s de la m\u00fasica, les seves danses i contes, hem pogut con\u00e8ixer trets de la seva cultura.<\/p>\n<p>Mireu com han xalat els nens i nenes d&#8217;infantil! \ud83d\udc93<\/p>\n<p><iframe loading=\"lazy\" title=\"TALLER DE PERCUSSI\u00d3 I DANSA AFRICANA - INFANTIL\" width=\"500\" height=\"281\" src=\"https:\/\/www.youtube.com\/embed\/VxfpWmjxK_A?feature=oembed\" frameborder=\"0\" allow=\"accelerometer; autoplay; clipboard-write; encrypted-media; gyroscope; picture-in-picture; web-share\" referrerpolicy=\"strict-origin-when-cross-origin\" allowfullscreen><\/iframe><\/p>\n","protected":false},"excerpt":{"rendered":"<p>I avui ha estat el torn dels m\u00e9s petits de l&#8217;escola! \ud83c\udfb6\ud83d\udc4f Primer de tot, abans de posar-nos a ballar i a fer sonar els tambors, ens han explicat un conte tradicional de l&#8217;\u00c0frica. Despr\u00e9s, ens han presentat tots els instruments, i un cop hem&hellip;  <a href=\"https:\/\/agora.xtec.cat\/ceipmisericordia-reus\/infantil\/taller-de-percussio-i-dansa-africana-infantil\/\" title=\"Read TALLER DE PERCUSSI\u00d3 I DANSA AFRICANA &#8211; INFANTIL\">Llegeix m\u00e9s\u00bb<\/a><\/p>\n","protected":false},"author":4,"featured_media":8411,"comment_status":"open","ping_status":"closed","sticky":false,"template":"","format":"standard","meta":{"_bbp_topic_count":0,"_bbp_reply_count":0,"_bbp_total_topic_count":0,"_bbp_total_reply_count":0,"_bbp_voice_count":0,"_bbp_anonymous_reply_count":0,"_bbp_topic_count_hidden":0,"_bbp_reply_count_hidden":0,"_bbp_forum_subforum_count":0,"footnotes":""},"categories":[92,90,2,3,8,9,232,4],"tags":[],"class_list":["post-8410","post","type-post","status-publish","format-standard","has-post-thumbnail","hentry","category-activitats-al-centre","category-ed-infantil","category-infantil","category-p3","category-p4","category-p5","category-pmoe","category-portada"],"post_mailing_queue_ids":[],"_links":{"self":[{"href":"https:\/\/agora.xtec.cat\/ceipmisericordia-reus\/wp-json\/wp\/v2\/posts\/8410","targetHints":{"allow":["GET"]}}],"collection":[{"href":"https:\/\/agora.xtec.cat\/ceipmisericordia-reus\/wp-json\/wp\/v2\/posts"}],"about":[{"href":"https:\/\/agora.xtec.cat\/ceipmisericordia-reus\/wp-json\/wp\/v2\/types\/post"}],"author":[{"embeddable":true,"href":"https:\/\/agora.xtec.cat\/ceipmisericordia-reus\/wp-json\/wp\/v2\/users\/4"}],"replies":[{"embeddable":true,"href":"https:\/\/agora.xtec.cat\/ceipmisericordia-reus\/wp-json\/wp\/v2\/comments?post=8410"}],"version-history":[{"count":1,"href":"https:\/\/agora.xtec.cat\/ceipmisericordia-reus\/wp-json\/wp\/v2\/posts\/8410\/revisions"}],"predecessor-version":[{"id":8412,"href":"https:\/\/agora.xtec.cat\/ceipmisericordia-reus\/wp-json\/wp\/v2\/posts\/8410\/revisions\/8412"}],"wp:featuredmedia":[{"embeddable":true,"href":"https:\/\/agora.xtec.cat\/ceipmisericordia-reus\/wp-json\/wp\/v2\/media\/8411"}],"wp:attachment":[{"href":"https:\/\/agora.xtec.cat\/ceipmisericordia-reus\/wp-json\/wp\/v2\/media?parent=8410"}],"wp:term":[{"taxonomy":"category","embeddable":true,"href":"https:\/\/agora.xtec.cat\/ceipmisericordia-reus\/wp-json\/wp\/v2\/categories?post=8410"},{"taxonomy":"post_tag","embeddable":true,"href":"https:\/\/agora.xtec.cat\/ceipmisericordia-reus\/wp-json\/wp\/v2\/tags?post=8410"}],"curies":[{"name":"wp","href":"https:\/\/api.w.org\/{rel}","templated":true}]}}