{"id":8396,"date":"2022-06-16T23:59:24","date_gmt":"2022-06-16T21:59:24","guid":{"rendered":"https:\/\/agora.xtec.cat\/ceipmisericordia-reus\/?p=8396"},"modified":"2022-06-17T00:08:58","modified_gmt":"2022-06-16T22:08:58","slug":"festa-fi-de-curs-21-22","status":"publish","type":"post","link":"https:\/\/agora.xtec.cat\/ceipmisericordia-reus\/general\/festa-fi-de-curs-21-22\/","title":{"rendered":"FESTA FI DE CURS 21-22"},"content":{"rendered":"<p>Benvolgudes fam\u00edlies,<\/p>\n<p>Aquest mat\u00ed hem volgut compartir amb totes vosaltres l&#8217;acabament del <span style=\"font-family: inherit; font-size: 1em;\">curs 2021-2022, que arriba a la seva fi amb les portes del centre obertes de bat a bat, despr\u00e9s de dos anys marcats per la incertesa i les limitacions produ\u00efdes per la COVID-19.<\/span><\/p>\n<p><span style=\"font-family: inherit; font-size: 1em;\">Ens ha fet molta il\u00b7lusi\u00f3 poder cantar i ballar plegats al pati de l&#8217;escola i ensenyar-vos aquesta petita mostra d&#8217;actuacions que hem preparat durant setmanes amb moltes ganes. Tamb\u00e9 hem aprofitat per celebrar la graduaci\u00f3 dels nens i nenes de P5 i 6\u00e8. A banda de les gorres, els barrets i la crema solar, l&#8217;aigua i els gelats que hem compartit ens han ajudat a combatre les altes temperatures, ha estat una jornada genial!<\/span><\/p>\n<p>Us deixem un v\u00eddeo de record amb un tastet del mat\u00ed d&#8217;avui a l&#8217;escola Miseric\u00f2rdia!!! Esperem que us agradi \ud83d\ude09<\/p>\n<p><a href=\"https:\/\/www.instagram.com\/tv\/Ce4cUEBAAQn\/?igshid=YmMyMTA2M2Y=\"><img loading=\"lazy\" decoding=\"async\" class=\"aligncenter wp-image-8401 size-medium\" src=\"https:\/\/agora.xtec.cat\/ceipmisericordia-reus\/wp-content\/uploads\/usu2066\/2022\/06\/Festa-Fi-de-Curs-300x169.png\" alt=\"\" width=\"300\" height=\"169\" srcset=\"https:\/\/agora.xtec.cat\/ceipmisericordia-reus\/wp-content\/uploads\/usu2066\/2022\/06\/Festa-Fi-de-Curs-300x169.png 300w, https:\/\/agora.xtec.cat\/ceipmisericordia-reus\/wp-content\/uploads\/usu2066\/2022\/06\/Festa-Fi-de-Curs-768x433.png 768w, https:\/\/agora.xtec.cat\/ceipmisericordia-reus\/wp-content\/uploads\/usu2066\/2022\/06\/Festa-Fi-de-Curs.png 948w\" sizes=\"auto, (max-width: 300px) 100vw, 300px\" \/><\/a><\/p>\n","protected":false},"excerpt":{"rendered":"<p>Benvolgudes fam\u00edlies,<br \/>\nAquest mat\u00ed hem volgut compartir amb totes vosaltres l&#8217;acabament del curs 2021-2022, que arriba a la seva fi amb les portes del centre obertes de bat a bat, despr\u00e9s de dos anys marcats per la incertesa i les limitacions produ\u00efdes per la COVID-19.<br \/>\nEns ha&hellip;  <a href=\"https:\/\/agora.xtec.cat\/ceipmisericordia-reus\/general\/festa-fi-de-curs-21-22\/\" title=\"Read FESTA FI DE CURS 21-22\">Llegeix m\u00e9s\u00bb<\/a><\/p>\n","protected":false},"author":4,"featured_media":0,"comment_status":"open","ping_status":"closed","sticky":false,"template":"","format":"standard","meta":{"_bbp_topic_count":0,"_bbp_reply_count":0,"_bbp_total_topic_count":0,"_bbp_total_reply_count":0,"_bbp_voice_count":0,"_bbp_anonymous_reply_count":0,"_bbp_topic_count_hidden":0,"_bbp_reply_count_hidden":0,"_bbp_forum_subforum_count":0,"footnotes":""},"categories":[76,1,4],"tags":[],"class_list":["post-8396","post","type-post","status-publish","format-standard","hentry","category-festes","category-general","category-portada"],"post_mailing_queue_ids":[],"_links":{"self":[{"href":"https:\/\/agora.xtec.cat\/ceipmisericordia-reus\/wp-json\/wp\/v2\/posts\/8396","targetHints":{"allow":["GET"]}}],"collection":[{"href":"https:\/\/agora.xtec.cat\/ceipmisericordia-reus\/wp-json\/wp\/v2\/posts"}],"about":[{"href":"https:\/\/agora.xtec.cat\/ceipmisericordia-reus\/wp-json\/wp\/v2\/types\/post"}],"author":[{"embeddable":true,"href":"https:\/\/agora.xtec.cat\/ceipmisericordia-reus\/wp-json\/wp\/v2\/users\/4"}],"replies":[{"embeddable":true,"href":"https:\/\/agora.xtec.cat\/ceipmisericordia-reus\/wp-json\/wp\/v2\/comments?post=8396"}],"version-history":[{"count":3,"href":"https:\/\/agora.xtec.cat\/ceipmisericordia-reus\/wp-json\/wp\/v2\/posts\/8396\/revisions"}],"predecessor-version":[{"id":8404,"href":"https:\/\/agora.xtec.cat\/ceipmisericordia-reus\/wp-json\/wp\/v2\/posts\/8396\/revisions\/8404"}],"wp:attachment":[{"href":"https:\/\/agora.xtec.cat\/ceipmisericordia-reus\/wp-json\/wp\/v2\/media?parent=8396"}],"wp:term":[{"taxonomy":"category","embeddable":true,"href":"https:\/\/agora.xtec.cat\/ceipmisericordia-reus\/wp-json\/wp\/v2\/categories?post=8396"},{"taxonomy":"post_tag","embeddable":true,"href":"https:\/\/agora.xtec.cat\/ceipmisericordia-reus\/wp-json\/wp\/v2\/tags?post=8396"}],"curies":[{"name":"wp","href":"https:\/\/api.w.org\/{rel}","templated":true}]}}