{"id":8389,"date":"2022-06-15T23:39:04","date_gmt":"2022-06-15T21:39:04","guid":{"rendered":"https:\/\/agora.xtec.cat\/ceipmisericordia-reus\/?p=8389"},"modified":"2022-06-15T23:39:04","modified_gmt":"2022-06-15T21:39:04","slug":"sortida-final-de-curs-cm-salting","status":"publish","type":"post","link":"https:\/\/agora.xtec.cat\/ceipmisericordia-reus\/portada\/sortida-final-de-curs-cm-salting\/","title":{"rendered":"Sortida final de curs CM &#8211; Salting"},"content":{"rendered":"<p>Ahir l&#8217;alumnat de cicle mitj\u00e0 -3r i 4t- va poder gaudir de la seva sortida de final de curs al Salting de Reus!!!!<\/p>\n<p>Ens vam poder despla\u00e7ar fins al recinte caminant, ja que es troba a prop de l&#8217;escola.\u00a0Petits i grans vam xalar d&#8217;un mat\u00ed ple de salts i tota mena d&#8217;acrob\u00e0cies. Seguidament, vam agafar forces esmorzant i vam acabar aquest mat\u00ed tan actiu i mogut a un parc ve\u00ed. A continuaci\u00f3, us deixem un recull d&#8217;imatges molt especials on ens podreu veure en plena acci\u00f3.<\/p>\n<p>Estem segurs que tots i totes heu dormit plans, oi que s\u00ed?<\/p>\n\n\t\t<style type=\"text\/css\">\n\t\t\t#gallery-1 {\n\t\t\t\tmargin: auto;\n\t\t\t}\n\t\t\t#gallery-1 .gallery-item {\n\t\t\t\tfloat: left;\n\t\t\t\tmargin-top: 10px;\n\t\t\t\ttext-align: center;\n\t\t\t\twidth: 25%;\n\t\t\t}\n\t\t\t#gallery-1 img {\n\t\t\t\tborder: 2px solid #cfcfcf;\n\t\t\t}\n\t\t\t#gallery-1 .gallery-caption {\n\t\t\t\tmargin-left: 0;\n\t\t\t}\n\t\t\t\/* see gallery_shortcode() in wp-includes\/media.php *\/\n\t\t<\/style>\n\t\t<div id='gallery-1' class='gallery galleryid-8389 gallery-columns-4 gallery-size-medium'><dl class='gallery-item'>\n\t\t\t<dt class='gallery-icon portrait'>\n\t\t\t\t<a href='https:\/\/agora.xtec.cat\/ceipmisericordia-reus\/portada\/sortida-final-de-curs-cm-salting\/attachment\/whatsapp-image-2022-06-14-at-15-09-22\/'><img loading=\"lazy\" decoding=\"async\" width=\"238\" height=\"300\" src=\"https:\/\/agora.xtec.cat\/ceipmisericordia-reus\/wp-content\/uploads\/usu2066\/2022\/06\/WhatsApp-Image-2022-06-14-at-15.09.22-e1655328775810-238x300.jpeg\" class=\"attachment-medium size-medium\" alt=\"\" srcset=\"https:\/\/agora.xtec.cat\/ceipmisericordia-reus\/wp-content\/uploads\/usu2066\/2022\/06\/WhatsApp-Image-2022-06-14-at-15.09.22-e1655328775810-238x300.jpeg 238w, https:\/\/agora.xtec.cat\/ceipmisericordia-reus\/wp-content\/uploads\/usu2066\/2022\/06\/WhatsApp-Image-2022-06-14-at-15.09.22-e1655328775810.jpeg 736w\" sizes=\"auto, (max-width: 238px) 100vw, 238px\" \/><\/a>\n\t\t\t<\/dt><\/dl><dl class='gallery-item'>\n\t\t\t<dt class='gallery-icon portrait'>\n\t\t\t\t<a href='https:\/\/agora.xtec.cat\/ceipmisericordia-reus\/portada\/sortida-final-de-curs-cm-salting\/attachment\/whatsapp-image-2022-06-14-at-15-09-25\/'><img loading=\"lazy\" decoding=\"async\" width=\"242\" height=\"300\" src=\"https:\/\/agora.xtec.cat\/ceipmisericordia-reus\/wp-content\/uploads\/usu2066\/2022\/06\/WhatsApp-Image-2022-06-14-at-15.09.25-e1655328795224-242x300.jpeg\" class=\"attachment-medium size-medium\" alt=\"\" srcset=\"https:\/\/agora.xtec.cat\/ceipmisericordia-reus\/wp-content\/uploads\/usu2066\/2022\/06\/WhatsApp-Image-2022-06-14-at-15.09.25-e1655328795224-242x300.jpeg 242w, https:\/\/agora.xtec.cat\/ceipmisericordia-reus\/wp-content\/uploads\/usu2066\/2022\/06\/WhatsApp-Image-2022-06-14-at-15.09.25-e1655328795224.jpeg 736w\" sizes=\"auto, (max-width: 242px) 100vw, 242px\" \/><\/a>\n\t\t\t<\/dt><\/dl><dl class='gallery-item'>\n\t\t\t<dt class='gallery-icon landscape'>\n\t\t\t\t<a href='https:\/\/agora.xtec.cat\/ceipmisericordia-reus\/portada\/sortida-final-de-curs-cm-salting\/attachment\/whatsapp-image-2022-06-14-at-15-10-46\/'><img loading=\"lazy\" decoding=\"async\" width=\"300\" height=\"135\" src=\"https:\/\/agora.xtec.cat\/ceipmisericordia-reus\/wp-content\/uploads\/usu2066\/2022\/06\/WhatsApp-Image-2022-06-14-at-15.10.46-300x135.jpeg\" class=\"attachment-medium size-medium\" alt=\"\" srcset=\"https:\/\/agora.xtec.cat\/ceipmisericordia-reus\/wp-content\/uploads\/usu2066\/2022\/06\/WhatsApp-Image-2022-06-14-at-15.10.46-300x135.jpeg 300w, https:\/\/agora.xtec.cat\/ceipmisericordia-reus\/wp-content\/uploads\/usu2066\/2022\/06\/WhatsApp-Image-2022-06-14-at-15.10.46-1024x461.jpeg 1024w, https:\/\/agora.xtec.cat\/ceipmisericordia-reus\/wp-content\/uploads\/usu2066\/2022\/06\/WhatsApp-Image-2022-06-14-at-15.10.46-768x346.jpeg 768w, https:\/\/agora.xtec.cat\/ceipmisericordia-reus\/wp-content\/uploads\/usu2066\/2022\/06\/WhatsApp-Image-2022-06-14-at-15.10.46-1536x691.jpeg 1536w, https:\/\/agora.xtec.cat\/ceipmisericordia-reus\/wp-content\/uploads\/usu2066\/2022\/06\/WhatsApp-Image-2022-06-14-at-15.10.46.jpeg 1600w\" sizes=\"auto, (max-width: 300px) 100vw, 300px\" \/><\/a>\n\t\t\t<\/dt><\/dl><dl class='gallery-item'>\n\t\t\t<dt class='gallery-icon landscape'>\n\t\t\t\t<a href='https:\/\/agora.xtec.cat\/ceipmisericordia-reus\/portada\/sortida-final-de-curs-cm-salting\/attachment\/whatsapp-image-2022-06-14-at-15-10-27\/'><img loading=\"lazy\" decoding=\"async\" width=\"300\" height=\"135\" src=\"https:\/\/agora.xtec.cat\/ceipmisericordia-reus\/wp-content\/uploads\/usu2066\/2022\/06\/WhatsApp-Image-2022-06-14-at-15.10.27-300x135.jpeg\" class=\"attachment-medium size-medium\" alt=\"\" srcset=\"https:\/\/agora.xtec.cat\/ceipmisericordia-reus\/wp-content\/uploads\/usu2066\/2022\/06\/WhatsApp-Image-2022-06-14-at-15.10.27-300x135.jpeg 300w, https:\/\/agora.xtec.cat\/ceipmisericordia-reus\/wp-content\/uploads\/usu2066\/2022\/06\/WhatsApp-Image-2022-06-14-at-15.10.27-1024x461.jpeg 1024w, https:\/\/agora.xtec.cat\/ceipmisericordia-reus\/wp-content\/uploads\/usu2066\/2022\/06\/WhatsApp-Image-2022-06-14-at-15.10.27-768x346.jpeg 768w, https:\/\/agora.xtec.cat\/ceipmisericordia-reus\/wp-content\/uploads\/usu2066\/2022\/06\/WhatsApp-Image-2022-06-14-at-15.10.27-1536x691.jpeg 1536w, https:\/\/agora.xtec.cat\/ceipmisericordia-reus\/wp-content\/uploads\/usu2066\/2022\/06\/WhatsApp-Image-2022-06-14-at-15.10.27.jpeg 1600w\" sizes=\"auto, (max-width: 300px) 100vw, 300px\" \/><\/a>\n\t\t\t<\/dt><\/dl><br style=\"clear: both\" \/>\n\t\t<\/div>\n\n","protected":false},"excerpt":{"rendered":"<p>Ahir l&#8217;alumnat de cicle mitj\u00e0 -3r i 4t- va poder gaudir de la seva sortida de final de curs al Salting de Reus!!!!<br \/>\nEns vam poder despla\u00e7ar fins al recinte caminant, ja que es troba a prop de l&#8217;escola.\u00a0Petits i grans vam xalar d&#8217;un mat\u00ed ple&hellip;  <a href=\"https:\/\/agora.xtec.cat\/ceipmisericordia-reus\/portada\/sortida-final-de-curs-cm-salting\/\" title=\"Read Sortida final de curs CM &#8211; Salting\">Llegeix m\u00e9s\u00bb<\/a><\/p>\n","protected":false},"author":4,"featured_media":0,"comment_status":"open","ping_status":"closed","sticky":false,"template":"","format":"standard","meta":{"_bbp_topic_count":0,"_bbp_reply_count":0,"_bbp_total_topic_count":0,"_bbp_total_reply_count":0,"_bbp_voice_count":0,"_bbp_anonymous_reply_count":0,"_bbp_topic_count_hidden":0,"_bbp_reply_count_hidden":0,"_bbp_forum_subforum_count":0,"footnotes":""},"categories":[12,13,79,4],"tags":[125,218,132,233],"class_list":["post-8389","post","type-post","status-publish","format-standard","hentry","category-3r","category-4t","category-cicle-mitja","category-portada","tag-escolamisericordiadereus","tag-escolapublica","tag-escolapublicareus","tag-salting"],"post_mailing_queue_ids":[],"_links":{"self":[{"href":"https:\/\/agora.xtec.cat\/ceipmisericordia-reus\/wp-json\/wp\/v2\/posts\/8389","targetHints":{"allow":["GET"]}}],"collection":[{"href":"https:\/\/agora.xtec.cat\/ceipmisericordia-reus\/wp-json\/wp\/v2\/posts"}],"about":[{"href":"https:\/\/agora.xtec.cat\/ceipmisericordia-reus\/wp-json\/wp\/v2\/types\/post"}],"author":[{"embeddable":true,"href":"https:\/\/agora.xtec.cat\/ceipmisericordia-reus\/wp-json\/wp\/v2\/users\/4"}],"replies":[{"embeddable":true,"href":"https:\/\/agora.xtec.cat\/ceipmisericordia-reus\/wp-json\/wp\/v2\/comments?post=8389"}],"version-history":[{"count":2,"href":"https:\/\/agora.xtec.cat\/ceipmisericordia-reus\/wp-json\/wp\/v2\/posts\/8389\/revisions"}],"predecessor-version":[{"id":8395,"href":"https:\/\/agora.xtec.cat\/ceipmisericordia-reus\/wp-json\/wp\/v2\/posts\/8389\/revisions\/8395"}],"wp:attachment":[{"href":"https:\/\/agora.xtec.cat\/ceipmisericordia-reus\/wp-json\/wp\/v2\/media?parent=8389"}],"wp:term":[{"taxonomy":"category","embeddable":true,"href":"https:\/\/agora.xtec.cat\/ceipmisericordia-reus\/wp-json\/wp\/v2\/categories?post=8389"},{"taxonomy":"post_tag","embeddable":true,"href":"https:\/\/agora.xtec.cat\/ceipmisericordia-reus\/wp-json\/wp\/v2\/tags?post=8389"}],"curies":[{"name":"wp","href":"https:\/\/api.w.org\/{rel}","templated":true}]}}