{"id":8380,"date":"2022-06-14T19:41:39","date_gmt":"2022-06-14T17:41:39","guid":{"rendered":"https:\/\/agora.xtec.cat\/ceipmisericordia-reus\/?p=8380"},"modified":"2022-06-14T19:45:39","modified_gmt":"2022-06-14T17:45:39","slug":"activitats-pmoe-els-jocs-dels-besavis","status":"publish","type":"post","link":"https:\/\/agora.xtec.cat\/ceipmisericordia-reus\/infantil\/activitats-pmoe-els-jocs-dels-besavis\/","title":{"rendered":"ACTIVITATS PMOE &#8211; ELS JOCS DELS BESAVIS"},"content":{"rendered":"<p>Avui Educaci\u00f3 infantil s&#8217;ha estrenat amb el primer taller del PMOE que realitzarem aquest mes, els jocs dels besavis \ud83d\udc75\ud83d\udc74! Despr\u00e9s de con\u00e8ixer les vestimentes de l&#8217;\u00e8poca i posar-nos en context, hem gaudit de tots els jocs tradicionals que ens havien preparat: bitlles, jocs de punteria i competici\u00f3, cordes&#8230; \u00c9s una activitat que fem conjuntament amb les fam\u00edlies i ha estat tot un \u00e8xit!<\/p>\n<p>Mireu com xalen els m\u00e9s petits de l&#8217;escola! \ud83d\ude0a<\/p>\n<p><iframe loading=\"lazy\" title=\"Activitats PMOE - El joc dels besavis\" width=\"500\" height=\"281\" src=\"https:\/\/www.youtube.com\/embed\/V58fZ9nOV08?feature=oembed\" frameborder=\"0\" allow=\"accelerometer; autoplay; clipboard-write; encrypted-media; gyroscope; picture-in-picture; web-share\" referrerpolicy=\"strict-origin-when-cross-origin\" allowfullscreen><\/iframe><\/p>\n","protected":false},"excerpt":{"rendered":"<p>Avui Educaci\u00f3 infantil s&#8217;ha estrenat amb el primer taller del PMOE que realitzarem aquest mes, els jocs dels besavis \ud83d\udc75\ud83d\udc74! Despr\u00e9s de con\u00e8ixer les vestimentes de l&#8217;\u00e8poca i posar-nos en context, hem gaudit de tots els jocs tradicionals que ens havien preparat: bitlles, jocs de&hellip;  <a href=\"https:\/\/agora.xtec.cat\/ceipmisericordia-reus\/infantil\/activitats-pmoe-els-jocs-dels-besavis\/\" title=\"Read ACTIVITATS PMOE &#8211; ELS JOCS DELS BESAVIS\">Llegeix m\u00e9s\u00bb<\/a><\/p>\n","protected":false},"author":4,"featured_media":8381,"comment_status":"open","ping_status":"closed","sticky":false,"template":"","format":"standard","meta":{"_bbp_topic_count":0,"_bbp_reply_count":0,"_bbp_total_topic_count":0,"_bbp_total_reply_count":0,"_bbp_voice_count":0,"_bbp_anonymous_reply_count":0,"_bbp_topic_count_hidden":0,"_bbp_reply_count_hidden":0,"_bbp_forum_subforum_count":0,"footnotes":""},"categories":[92,90,2,3,8,9,232,4],"tags":[125,132,127,137],"class_list":["post-8380","post","type-post","status-publish","format-standard","has-post-thumbnail","hentry","category-activitats-al-centre","category-ed-infantil","category-infantil","category-p3","category-p4","category-p5","category-pmoe","category-portada","tag-escolamisericordiadereus","tag-escolapublicareus","tag-reus","tag-vivadiversaipublica"],"post_mailing_queue_ids":[],"_links":{"self":[{"href":"https:\/\/agora.xtec.cat\/ceipmisericordia-reus\/wp-json\/wp\/v2\/posts\/8380","targetHints":{"allow":["GET"]}}],"collection":[{"href":"https:\/\/agora.xtec.cat\/ceipmisericordia-reus\/wp-json\/wp\/v2\/posts"}],"about":[{"href":"https:\/\/agora.xtec.cat\/ceipmisericordia-reus\/wp-json\/wp\/v2\/types\/post"}],"author":[{"embeddable":true,"href":"https:\/\/agora.xtec.cat\/ceipmisericordia-reus\/wp-json\/wp\/v2\/users\/4"}],"replies":[{"embeddable":true,"href":"https:\/\/agora.xtec.cat\/ceipmisericordia-reus\/wp-json\/wp\/v2\/comments?post=8380"}],"version-history":[{"count":2,"href":"https:\/\/agora.xtec.cat\/ceipmisericordia-reus\/wp-json\/wp\/v2\/posts\/8380\/revisions"}],"predecessor-version":[{"id":8383,"href":"https:\/\/agora.xtec.cat\/ceipmisericordia-reus\/wp-json\/wp\/v2\/posts\/8380\/revisions\/8383"}],"wp:featuredmedia":[{"embeddable":true,"href":"https:\/\/agora.xtec.cat\/ceipmisericordia-reus\/wp-json\/wp\/v2\/media\/8381"}],"wp:attachment":[{"href":"https:\/\/agora.xtec.cat\/ceipmisericordia-reus\/wp-json\/wp\/v2\/media?parent=8380"}],"wp:term":[{"taxonomy":"category","embeddable":true,"href":"https:\/\/agora.xtec.cat\/ceipmisericordia-reus\/wp-json\/wp\/v2\/categories?post=8380"},{"taxonomy":"post_tag","embeddable":true,"href":"https:\/\/agora.xtec.cat\/ceipmisericordia-reus\/wp-json\/wp\/v2\/tags?post=8380"}],"curies":[{"name":"wp","href":"https:\/\/api.w.org\/{rel}","templated":true}]}}