{"id":8375,"date":"2022-06-13T13:31:10","date_gmt":"2022-06-13T11:31:10","guid":{"rendered":"https:\/\/agora.xtec.cat\/ceipmisericordia-reus\/?p=8375"},"modified":"2022-06-13T13:31:10","modified_gmt":"2022-06-13T11:31:10","slug":"darrera-canco-quinzenal-del-curs","status":"publish","type":"post","link":"https:\/\/agora.xtec.cat\/ceipmisericordia-reus\/general\/darrera-canco-quinzenal-del-curs\/","title":{"rendered":"Darrera can\u00e7\u00f3 quinzenal del curs"},"content":{"rendered":"<p>Benvolgudes fam\u00edlies,<\/p>\n<p>Ens endinsem als darrers dies del curs i aix\u00f2 implica que tamb\u00e9 fem la darrera proposta de can\u00e7\u00f3 quinzenal. Aquesta vegada presentem una can\u00e7\u00f3 ben moguda, alegre i divertida, que ben segur us agradar\u00e0 molt.<\/p>\n<p>Es tracta d&#8217;una can\u00e7\u00f3 recent del grup musical La F\u00famiga que, conjuntament amb Zoo, han titulat &#8220;La Fotos\u00edntesi&#8221;. Us sona, aquest concepte? Una petita pista: a medi natural, segur\u00edssim que l&#8217;heu treballat!<\/p>\n<p><iframe loading=\"lazy\" src=\"\/\/www.youtube.com\/embed\/HhWKfE48f4c\" width=\"560\" height=\"314\" allowfullscreen=\"allowfullscreen\"><\/iframe><\/p>\n<p>Esperem que aquest estiu la gaudiu, l&#8217;escolteu i penseu amb l&#8217;escola Miseric\u00f2rdia!<\/p>\n<p>La comissi\u00f3 de m\u00e0rqueting.<\/p>\n","protected":false},"excerpt":{"rendered":"<p>Benvolgudes fam\u00edlies,<br \/>\nEns endinsem als darrers dies del curs i aix\u00f2 implica que tamb\u00e9 fem la darrera proposta de can\u00e7\u00f3 quinzenal. Aquesta vegada presentem una can\u00e7\u00f3 ben moguda, alegre i divertida, que ben segur us agradar\u00e0 molt.<br \/>\nEs tracta d&#8217;una can\u00e7\u00f3 recent del grup musical La F\u00famiga&hellip;  <a href=\"https:\/\/agora.xtec.cat\/ceipmisericordia-reus\/general\/darrera-canco-quinzenal-del-curs\/\" title=\"Read Darrera can\u00e7\u00f3 quinzenal del curs\">Llegeix m\u00e9s\u00bb<\/a><\/p>\n","protected":false},"author":4,"featured_media":8379,"comment_status":"open","ping_status":"closed","sticky":false,"template":"","format":"standard","meta":{"_bbp_topic_count":0,"_bbp_reply_count":0,"_bbp_total_topic_count":0,"_bbp_total_reply_count":0,"_bbp_voice_count":0,"_bbp_anonymous_reply_count":0,"_bbp_topic_count_hidden":0,"_bbp_reply_count_hidden":0,"_bbp_forum_subforum_count":0,"footnotes":""},"categories":[226,1,4],"tags":[201,125,132,143],"class_list":["post-8375","post","type-post","status-publish","format-standard","has-post-thumbnail","hentry","category-canco-quinzenal","category-general","category-portada","tag-cancoquinzenal","tag-escolamisericordiadereus","tag-escolapublicareus","tag-plurilingue"],"post_mailing_queue_ids":[],"_links":{"self":[{"href":"https:\/\/agora.xtec.cat\/ceipmisericordia-reus\/wp-json\/wp\/v2\/posts\/8375","targetHints":{"allow":["GET"]}}],"collection":[{"href":"https:\/\/agora.xtec.cat\/ceipmisericordia-reus\/wp-json\/wp\/v2\/posts"}],"about":[{"href":"https:\/\/agora.xtec.cat\/ceipmisericordia-reus\/wp-json\/wp\/v2\/types\/post"}],"author":[{"embeddable":true,"href":"https:\/\/agora.xtec.cat\/ceipmisericordia-reus\/wp-json\/wp\/v2\/users\/4"}],"replies":[{"embeddable":true,"href":"https:\/\/agora.xtec.cat\/ceipmisericordia-reus\/wp-json\/wp\/v2\/comments?post=8375"}],"version-history":[{"count":3,"href":"https:\/\/agora.xtec.cat\/ceipmisericordia-reus\/wp-json\/wp\/v2\/posts\/8375\/revisions"}],"predecessor-version":[{"id":8378,"href":"https:\/\/agora.xtec.cat\/ceipmisericordia-reus\/wp-json\/wp\/v2\/posts\/8375\/revisions\/8378"}],"wp:featuredmedia":[{"embeddable":true,"href":"https:\/\/agora.xtec.cat\/ceipmisericordia-reus\/wp-json\/wp\/v2\/media\/8379"}],"wp:attachment":[{"href":"https:\/\/agora.xtec.cat\/ceipmisericordia-reus\/wp-json\/wp\/v2\/media?parent=8375"}],"wp:term":[{"taxonomy":"category","embeddable":true,"href":"https:\/\/agora.xtec.cat\/ceipmisericordia-reus\/wp-json\/wp\/v2\/categories?post=8375"},{"taxonomy":"post_tag","embeddable":true,"href":"https:\/\/agora.xtec.cat\/ceipmisericordia-reus\/wp-json\/wp\/v2\/tags?post=8375"}],"curies":[{"name":"wp","href":"https:\/\/api.w.org\/{rel}","templated":true}]}}