{"id":8288,"date":"2022-06-08T13:03:49","date_gmt":"2022-06-08T11:03:49","guid":{"rendered":"https:\/\/agora.xtec.cat\/ceipmisericordia-reus\/?p=8288"},"modified":"2022-06-08T13:03:49","modified_gmt":"2022-06-08T11:03:49","slug":"viii-cursa-escola-misericordia","status":"publish","type":"post","link":"https:\/\/agora.xtec.cat\/ceipmisericordia-reus\/general\/viii-cursa-escola-misericordia\/","title":{"rendered":"VIII Cursa Escola Miseric\u00f2rdia"},"content":{"rendered":"<p>El passat dijous 2 de juny vam celebrar la vuitena edici\u00f3 de la cursa de la nostra escola, la cursa de l&#8217;escola Miseric\u00f2rdia! Tot l&#8217;alumnat, des de P3 fins a sis\u00e8, va poder participar d&#8217;aquesta diada tan especial i esperada per a tothom. Els m\u00e9s petits (P3 i P4) van fer curses de velocitat, mentre que a partir de P5 i fins a 6\u00e8 van realitzar curses de relleus per equips de 3 o 4 infants. Un dels objectius principals a assolir era, precisament, fomentar els valors de la cooperaci\u00f3 i la solidaritat, ja que els esports no sempre han de ser competitius&#8230; Vam c\u00f3rrer per passar-ho b\u00e9 i gaudir de l&#8217;activitat f\u00edsica!<\/p>\n<p>Finalment, volem agrair especialment la pres\u00e8ncia de l&#8217;Il\u00b7lm. Sr. Daniel Recasens, regidor de l&#8217;Ajuntament de Reus, i tamb\u00e9 de la col\u00b7laboraci\u00f3 del grup BonPreu-Esclat, Borges, Consum i Crisolar, que van repartir obsequis per a tots els participants!<\/p>\n<p>Va ser un mat\u00ed molt emocionant, actiu i divertit!<\/p>\n\n\t\t<style type=\"text\/css\">\n\t\t\t#gallery-1 {\n\t\t\t\tmargin: auto;\n\t\t\t}\n\t\t\t#gallery-1 .gallery-item {\n\t\t\t\tfloat: left;\n\t\t\t\tmargin-top: 10px;\n\t\t\t\ttext-align: center;\n\t\t\t\twidth: 25%;\n\t\t\t}\n\t\t\t#gallery-1 img {\n\t\t\t\tborder: 2px solid #cfcfcf;\n\t\t\t}\n\t\t\t#gallery-1 .gallery-caption {\n\t\t\t\tmargin-left: 0;\n\t\t\t}\n\t\t\t\/* see gallery_shortcode() in wp-includes\/media.php *\/\n\t\t<\/style>\n\t\t<div id='gallery-1' class='gallery galleryid-8288 gallery-columns-4 gallery-size-thumbnail'><dl class='gallery-item'>\n\t\t\t<dt class='gallery-icon portrait'>\n\t\t\t\t<a href='https:\/\/agora.xtec.cat\/ceipmisericordia-reus\/general\/viii-cursa-escola-misericordia\/attachment\/img-20220608-wa0006\/'><img loading=\"lazy\" decoding=\"async\" width=\"150\" height=\"150\" src=\"https:\/\/agora.xtec.cat\/ceipmisericordia-reus\/wp-content\/uploads\/usu2066\/2022\/06\/IMG-20220608-WA0006-150x150.jpg\" class=\"attachment-thumbnail size-thumbnail\" alt=\"\" \/><\/a>\n\t\t\t<\/dt><\/dl><dl class='gallery-item'>\n\t\t\t<dt class='gallery-icon portrait'>\n\t\t\t\t<a href='https:\/\/agora.xtec.cat\/ceipmisericordia-reus\/general\/viii-cursa-escola-misericordia\/attachment\/img-20220607-wa0004\/'><img loading=\"lazy\" decoding=\"async\" width=\"150\" height=\"150\" src=\"https:\/\/agora.xtec.cat\/ceipmisericordia-reus\/wp-content\/uploads\/usu2066\/2022\/06\/IMG-20220607-WA0004-150x150.jpg\" class=\"attachment-thumbnail size-thumbnail\" alt=\"\" \/><\/a>\n\t\t\t<\/dt><\/dl><dl class='gallery-item'>\n\t\t\t<dt class='gallery-icon portrait'>\n\t\t\t\t<a href='https:\/\/agora.xtec.cat\/ceipmisericordia-reus\/general\/viii-cursa-escola-misericordia\/attachment\/img-20220608-wa0017\/'><img loading=\"lazy\" decoding=\"async\" width=\"150\" height=\"150\" src=\"https:\/\/agora.xtec.cat\/ceipmisericordia-reus\/wp-content\/uploads\/usu2066\/2022\/06\/IMG-20220608-WA0017-150x150.jpg\" class=\"attachment-thumbnail size-thumbnail\" alt=\"\" \/><\/a>\n\t\t\t<\/dt><\/dl><dl class='gallery-item'>\n\t\t\t<dt class='gallery-icon portrait'>\n\t\t\t\t<a href='https:\/\/agora.xtec.cat\/ceipmisericordia-reus\/general\/viii-cursa-escola-misericordia\/attachment\/img-20220607-wa0005\/'><img loading=\"lazy\" decoding=\"async\" width=\"150\" height=\"150\" src=\"https:\/\/agora.xtec.cat\/ceipmisericordia-reus\/wp-content\/uploads\/usu2066\/2022\/06\/IMG-20220607-WA0005-150x150.jpg\" class=\"attachment-thumbnail size-thumbnail\" alt=\"\" \/><\/a>\n\t\t\t<\/dt><\/dl><br style=\"clear: both\" \/>\n\t\t<\/div>\n\n","protected":false},"excerpt":{"rendered":"<p>El passat dijous 2 de juny vam celebrar la vuitena edici\u00f3 de la cursa de la nostra escola, la cursa de l&#8217;escola Miseric\u00f2rdia! Tot l&#8217;alumnat, des de P3 fins a sis\u00e8, va poder participar d&#8217;aquesta diada tan especial i esperada per a tothom. Els m\u00e9s&hellip;  <a href=\"https:\/\/agora.xtec.cat\/ceipmisericordia-reus\/general\/viii-cursa-escola-misericordia\/\" title=\"Read VIII Cursa Escola Miseric\u00f2rdia\">Llegeix m\u00e9s\u00bb<\/a><\/p>\n","protected":false},"author":4,"featured_media":0,"comment_status":"open","ping_status":"closed","sticky":false,"template":"","format":"standard","meta":{"_bbp_topic_count":0,"_bbp_reply_count":0,"_bbp_total_topic_count":0,"_bbp_total_reply_count":0,"_bbp_voice_count":0,"_bbp_anonymous_reply_count":0,"_bbp_topic_count_hidden":0,"_bbp_reply_count_hidden":0,"_bbp_forum_subforum_count":0,"footnotes":""},"categories":[1,4],"tags":[125,132,229,230,231,137,126],"class_list":["post-8288","post","type-post","status-publish","format-standard","hentry","category-general","category-portada","tag-escolamisericordiadereus","tag-escolapublicareus","tag-femesport","tag-femsalut","tag-viiicursaescolamise","tag-vivadiversaipublica","tag-xarxaescolespubliquesreus"],"post_mailing_queue_ids":[],"_links":{"self":[{"href":"https:\/\/agora.xtec.cat\/ceipmisericordia-reus\/wp-json\/wp\/v2\/posts\/8288","targetHints":{"allow":["GET"]}}],"collection":[{"href":"https:\/\/agora.xtec.cat\/ceipmisericordia-reus\/wp-json\/wp\/v2\/posts"}],"about":[{"href":"https:\/\/agora.xtec.cat\/ceipmisericordia-reus\/wp-json\/wp\/v2\/types\/post"}],"author":[{"embeddable":true,"href":"https:\/\/agora.xtec.cat\/ceipmisericordia-reus\/wp-json\/wp\/v2\/users\/4"}],"replies":[{"embeddable":true,"href":"https:\/\/agora.xtec.cat\/ceipmisericordia-reus\/wp-json\/wp\/v2\/comments?post=8288"}],"version-history":[{"count":3,"href":"https:\/\/agora.xtec.cat\/ceipmisericordia-reus\/wp-json\/wp\/v2\/posts\/8288\/revisions"}],"predecessor-version":[{"id":8299,"href":"https:\/\/agora.xtec.cat\/ceipmisericordia-reus\/wp-json\/wp\/v2\/posts\/8288\/revisions\/8299"}],"wp:attachment":[{"href":"https:\/\/agora.xtec.cat\/ceipmisericordia-reus\/wp-json\/wp\/v2\/media?parent=8288"}],"wp:term":[{"taxonomy":"category","embeddable":true,"href":"https:\/\/agora.xtec.cat\/ceipmisericordia-reus\/wp-json\/wp\/v2\/categories?post=8288"},{"taxonomy":"post_tag","embeddable":true,"href":"https:\/\/agora.xtec.cat\/ceipmisericordia-reus\/wp-json\/wp\/v2\/tags?post=8288"}],"curies":[{"name":"wp","href":"https:\/\/api.w.org\/{rel}","templated":true}]}}