{"id":8243,"date":"2022-05-18T11:22:48","date_gmt":"2022-05-18T09:22:48","guid":{"rendered":"https:\/\/agora.xtec.cat\/ceipmisericordia-reus\/?p=8243"},"modified":"2022-05-18T11:24:15","modified_gmt":"2022-05-18T09:24:15","slug":"una-recepta-del-meu-pais","status":"publish","type":"post","link":"https:\/\/agora.xtec.cat\/ceipmisericordia-reus\/portada\/una-recepta-del-meu-pais\/","title":{"rendered":"Una recepta del meu pa\u00eds"},"content":{"rendered":"<p>A l&#8217;aula d&#8217;acollida aquests darrers dies ens ha entrat molta gana escoltant receptes t\u00edpiques dels diferents pa\u00efsos d&#8217;on s\u00f3n els nens i nenes de l&#8217;aula.<\/p>\n<p>Per arribar a fer-ho, port\u00e0vem dies aprenent vocabulari sobre els aliments, els estris, les accions, les botigues i just abans de marxar de vacances hav\u00edem estat treballant aquesta tipologia de text amb una recepta de <a href=\"https:\/\/www.youtube.com\/watch?v=w9tSd7ELCUc\">Mona de Pasqua que l&#8217;explicava en Daniel<\/a> al seu canal.<\/p>\n<p>Despr\u00e9s d&#8217;escoltar i treballar a partir d&#8217;aquest referent, cada nen i nena, amb l&#8217;ajuda i col\u00b7laboraci\u00f3 de les seves fam\u00edlies, han buscat alguna recepta senzilla i bon\u00edssima per compartir amb els companys i companyes de l&#8217;aula.<\/p>\n<p>Per fer-nos una idea millor dels plats, tamb\u00e9 les vam buscar a internet i vam descobrir com amb ingredients similars podem fer coses tant diferents.<\/p>\n<p><a href=\"https:\/\/agora.xtec.cat\/ceipmisericordia-reus\/wp-content\/uploads\/usu2066\/2022\/05\/Collage-recepta-1.png\"><img loading=\"lazy\" decoding=\"async\" class=\"aligncenter size-full wp-image-8244\" src=\"https:\/\/agora.xtec.cat\/ceipmisericordia-reus\/wp-content\/uploads\/usu2066\/2022\/05\/Collage-recepta-1.png\" alt=\"\" width=\"1024\" height=\"788\" srcset=\"https:\/\/agora.xtec.cat\/ceipmisericordia-reus\/wp-content\/uploads\/usu2066\/2022\/05\/Collage-recepta-1.png 1024w, https:\/\/agora.xtec.cat\/ceipmisericordia-reus\/wp-content\/uploads\/usu2066\/2022\/05\/Collage-recepta-1-300x231.png 300w, https:\/\/agora.xtec.cat\/ceipmisericordia-reus\/wp-content\/uploads\/usu2066\/2022\/05\/Collage-recepta-1-768x591.png 768w\" sizes=\"auto, (max-width: 1024px) 100vw, 1024px\" \/><\/a><\/p>\n","protected":false},"excerpt":{"rendered":"<p>A l&#8217;aula d&#8217;acollida aquests darrers dies ens ha entrat molta gana escoltant receptes t\u00edpiques dels diferents pa\u00efsos d&#8217;on s\u00f3n els nens i nenes de l&#8217;aula.<br \/>\nPer arribar a fer-ho, port\u00e0vem dies aprenent vocabulari sobre els aliments, els estris, les accions, les botigues i just abans de&hellip;  <a href=\"https:\/\/agora.xtec.cat\/ceipmisericordia-reus\/portada\/una-recepta-del-meu-pais\/\" title=\"Read Una recepta del meu pa\u00eds\">Llegeix m\u00e9s\u00bb<\/a><\/p>\n","protected":false},"author":4,"featured_media":8244,"comment_status":"open","ping_status":"closed","sticky":false,"template":"","format":"standard","meta":{"_bbp_topic_count":0,"_bbp_reply_count":0,"_bbp_total_topic_count":0,"_bbp_total_reply_count":0,"_bbp_voice_count":0,"_bbp_anonymous_reply_count":0,"_bbp_topic_count_hidden":0,"_bbp_reply_count_hidden":0,"_bbp_forum_subforum_count":0,"footnotes":""},"categories":[12,13,14,15,83,79,80,4],"tags":[],"class_list":["post-8243","post","type-post","status-publish","format-standard","has-post-thumbnail","hentry","category-3r","category-4t","category-5e","category-6e","category-aula-dacollida","category-cicle-mitja","category-cicle-superior","category-portada"],"post_mailing_queue_ids":[],"_links":{"self":[{"href":"https:\/\/agora.xtec.cat\/ceipmisericordia-reus\/wp-json\/wp\/v2\/posts\/8243","targetHints":{"allow":["GET"]}}],"collection":[{"href":"https:\/\/agora.xtec.cat\/ceipmisericordia-reus\/wp-json\/wp\/v2\/posts"}],"about":[{"href":"https:\/\/agora.xtec.cat\/ceipmisericordia-reus\/wp-json\/wp\/v2\/types\/post"}],"author":[{"embeddable":true,"href":"https:\/\/agora.xtec.cat\/ceipmisericordia-reus\/wp-json\/wp\/v2\/users\/4"}],"replies":[{"embeddable":true,"href":"https:\/\/agora.xtec.cat\/ceipmisericordia-reus\/wp-json\/wp\/v2\/comments?post=8243"}],"version-history":[{"count":3,"href":"https:\/\/agora.xtec.cat\/ceipmisericordia-reus\/wp-json\/wp\/v2\/posts\/8243\/revisions"}],"predecessor-version":[{"id":8247,"href":"https:\/\/agora.xtec.cat\/ceipmisericordia-reus\/wp-json\/wp\/v2\/posts\/8243\/revisions\/8247"}],"wp:featuredmedia":[{"embeddable":true,"href":"https:\/\/agora.xtec.cat\/ceipmisericordia-reus\/wp-json\/wp\/v2\/media\/8244"}],"wp:attachment":[{"href":"https:\/\/agora.xtec.cat\/ceipmisericordia-reus\/wp-json\/wp\/v2\/media?parent=8243"}],"wp:term":[{"taxonomy":"category","embeddable":true,"href":"https:\/\/agora.xtec.cat\/ceipmisericordia-reus\/wp-json\/wp\/v2\/categories?post=8243"},{"taxonomy":"post_tag","embeddable":true,"href":"https:\/\/agora.xtec.cat\/ceipmisericordia-reus\/wp-json\/wp\/v2\/tags?post=8243"}],"curies":[{"name":"wp","href":"https:\/\/api.w.org\/{rel}","templated":true}]}}