{"id":8238,"date":"2022-05-17T19:04:13","date_gmt":"2022-05-17T17:04:13","guid":{"rendered":"https:\/\/agora.xtec.cat\/ceipmisericordia-reus\/?p=8238"},"modified":"2022-05-17T19:04:13","modified_gmt":"2022-05-17T17:04:13","slug":"petita-peca-en-la-menor","status":"publish","type":"post","link":"https:\/\/agora.xtec.cat\/ceipmisericordia-reus\/general\/petita-peca-en-la-menor\/","title":{"rendered":"Petita pe\u00e7a en La menor"},"content":{"rendered":"<p>Avui us volem compartir una una perla!<\/p>\n<p>\u00c9s aquesta bonica pe\u00e7a que ens ha interpretat la Valeria de 6\u00e8 a l&#8217;hora de Coral.<br \/>\nEsperem que la disfruteu!<\/p>\n<p>Moltes gr\u00e0cies Valeria!<\/p>\n<p><iframe loading=\"lazy\" title=\"Petita pe\u00e7a en la menor\" width=\"500\" height=\"281\" src=\"https:\/\/www.youtube.com\/embed\/Gs2OYzKB0_A?feature=oembed\" frameborder=\"0\" allow=\"accelerometer; autoplay; clipboard-write; encrypted-media; gyroscope; picture-in-picture; web-share\" referrerpolicy=\"strict-origin-when-cross-origin\" allowfullscreen><\/iframe><\/p>\n<p><a class=\" xil3i\" tabindex=\"0\" href=\"https:\/\/www.instagram.com\/explore\/tags\/coral\/\">#coral<\/a>,\u00a0<a class=\" xil3i\" tabindex=\"0\" href=\"https:\/\/www.instagram.com\/explore\/tags\/musica\/\">#musica<\/a>,\u00a0<a class=\" xil3i\" tabindex=\"0\" href=\"https:\/\/www.instagram.com\/explore\/tags\/escolapublica\/\">#escolapublica<\/a>,\u00a0<a class=\" xil3i\" tabindex=\"0\" href=\"https:\/\/www.instagram.com\/explore\/tags\/bellesa\/\">#bellesa<\/a><\/p>\n","protected":false},"excerpt":{"rendered":"<p>Avui us volem compartir una una perla!<br \/>\n\u00c9s aquesta bonica pe\u00e7a que ens ha interpretat la Valeria de 6\u00e8 a l&#8217;hora de Coral.<br \/>\nEsperem que la disfruteu!<br \/>\nMoltes gr\u00e0cies Valeria!<\/p>\n<p><a class=\" xil3i\" tabindex=\"0\" href=\"https:\/\/www.instagram.com\/explore\/tags\/coral\/\">#coral<\/a>,\u00a0<a class=\" xil3i\" tabindex=\"0\" href=\"https:\/\/www.instagram.com\/explore\/tags\/musica\/\">#musica<\/a>,\u00a0<a class=\" xil3i\" tabindex=\"0\" href=\"https:\/\/www.instagram.com\/explore\/tags\/escolapublica\/\">#escolapublica<\/a>,\u00a0<a class=\" xil3i\" tabindex=\"0\" href=\"https:\/\/www.instagram.com\/explore\/tags\/bellesa\/\">#bellesa<\/a><\/p>\n","protected":false},"author":4,"featured_media":0,"comment_status":"open","ping_status":"closed","sticky":false,"template":"","format":"standard","meta":{"_bbp_topic_count":0,"_bbp_reply_count":0,"_bbp_total_topic_count":0,"_bbp_total_reply_count":0,"_bbp_voice_count":0,"_bbp_anonymous_reply_count":0,"_bbp_topic_count_hidden":0,"_bbp_reply_count_hidden":0,"_bbp_forum_subforum_count":0,"footnotes":""},"categories":[15,80,65,1,81,4],"tags":[],"class_list":["post-8238","post","type-post","status-publish","format-standard","hentry","category-6e","category-cicle-superior","category-fem-coral","category-general","category-musica","category-portada"],"post_mailing_queue_ids":[],"_links":{"self":[{"href":"https:\/\/agora.xtec.cat\/ceipmisericordia-reus\/wp-json\/wp\/v2\/posts\/8238","targetHints":{"allow":["GET"]}}],"collection":[{"href":"https:\/\/agora.xtec.cat\/ceipmisericordia-reus\/wp-json\/wp\/v2\/posts"}],"about":[{"href":"https:\/\/agora.xtec.cat\/ceipmisericordia-reus\/wp-json\/wp\/v2\/types\/post"}],"author":[{"embeddable":true,"href":"https:\/\/agora.xtec.cat\/ceipmisericordia-reus\/wp-json\/wp\/v2\/users\/4"}],"replies":[{"embeddable":true,"href":"https:\/\/agora.xtec.cat\/ceipmisericordia-reus\/wp-json\/wp\/v2\/comments?post=8238"}],"version-history":[{"count":1,"href":"https:\/\/agora.xtec.cat\/ceipmisericordia-reus\/wp-json\/wp\/v2\/posts\/8238\/revisions"}],"predecessor-version":[{"id":8239,"href":"https:\/\/agora.xtec.cat\/ceipmisericordia-reus\/wp-json\/wp\/v2\/posts\/8238\/revisions\/8239"}],"wp:attachment":[{"href":"https:\/\/agora.xtec.cat\/ceipmisericordia-reus\/wp-json\/wp\/v2\/media?parent=8238"}],"wp:term":[{"taxonomy":"category","embeddable":true,"href":"https:\/\/agora.xtec.cat\/ceipmisericordia-reus\/wp-json\/wp\/v2\/categories?post=8238"},{"taxonomy":"post_tag","embeddable":true,"href":"https:\/\/agora.xtec.cat\/ceipmisericordia-reus\/wp-json\/wp\/v2\/tags?post=8238"}],"curies":[{"name":"wp","href":"https:\/\/api.w.org\/{rel}","templated":true}]}}