{"id":8190,"date":"2022-05-07T12:26:18","date_gmt":"2022-05-07T10:26:18","guid":{"rendered":"https:\/\/agora.xtec.cat\/ceipmisericordia-reus\/?p=8190"},"modified":"2022-05-07T12:26:57","modified_gmt":"2022-05-07T10:26:57","slug":"lets-clean-up","status":"publish","type":"post","link":"https:\/\/agora.xtec.cat\/ceipmisericordia-reus\/general\/lets-clean-up\/","title":{"rendered":"Let&#8217;s Clean Up"},"content":{"rendered":"<p>Benvolgudes fam\u00edlies,<\/p>\n<p>El passat divendres 6 de maig, els alumnes de sis\u00e8 curs van sumar-se a la iniciativa que forma part del programa Let\u2019s Clean Up Europe per tal de commemorar el dia europeu de la Neteja de l\u2019Entorn.<\/p>\n<p>Els nens i nenes participants van recollir deixalles en diferents sacs de brossa pels barris m\u00e9s propers de l\u2019escola.<\/p>\n<p><a href=\"https:\/\/agora.xtec.cat\/ceipmisericordia-reus\/wp-content\/uploads\/usu2066\/2022\/05\/WhatsApp-Image-2022-05-07-at-12.15.06-PM.jpeg\"><img loading=\"lazy\" decoding=\"async\" class=\"aligncenter wp-image-8192 \" src=\"https:\/\/agora.xtec.cat\/ceipmisericordia-reus\/wp-content\/uploads\/usu2066\/2022\/05\/WhatsApp-Image-2022-05-07-at-12.15.06-PM-e1651919107152-1024x576.jpeg\" alt=\"\" width=\"670\" height=\"377\" srcset=\"https:\/\/agora.xtec.cat\/ceipmisericordia-reus\/wp-content\/uploads\/usu2066\/2022\/05\/WhatsApp-Image-2022-05-07-at-12.15.06-PM-e1651919107152-1024x576.jpeg 1024w, https:\/\/agora.xtec.cat\/ceipmisericordia-reus\/wp-content\/uploads\/usu2066\/2022\/05\/WhatsApp-Image-2022-05-07-at-12.15.06-PM-e1651919107152-300x169.jpeg 300w, https:\/\/agora.xtec.cat\/ceipmisericordia-reus\/wp-content\/uploads\/usu2066\/2022\/05\/WhatsApp-Image-2022-05-07-at-12.15.06-PM-e1651919107152-768x432.jpeg 768w, https:\/\/agora.xtec.cat\/ceipmisericordia-reus\/wp-content\/uploads\/usu2066\/2022\/05\/WhatsApp-Image-2022-05-07-at-12.15.06-PM-e1651919107152-1536x864.jpeg 1536w, https:\/\/agora.xtec.cat\/ceipmisericordia-reus\/wp-content\/uploads\/usu2066\/2022\/05\/WhatsApp-Image-2022-05-07-at-12.15.06-PM-e1651919107152.jpeg 1920w\" sizes=\"auto, (max-width: 670px) 100vw, 670px\" \/><\/a><\/p>\n<p>Posteriorment, s\u2019han reunit a la pla\u00e7a Mercadal de Reus amb cartells i pancartes reivindicant un entorn m\u00e9s net a favor del reciclatge i de la reducci\u00f3 de residus.<\/p>\n<p><a href=\"https:\/\/agora.xtec.cat\/ceipmisericordia-reus\/wp-content\/uploads\/usu2066\/2022\/05\/WhatsApp-Image-2022-05-07-at-12.23.38-PM.jpeg\"><img loading=\"lazy\" decoding=\"async\" class=\"aligncenter  wp-image-8191\" src=\"https:\/\/agora.xtec.cat\/ceipmisericordia-reus\/wp-content\/uploads\/usu2066\/2022\/05\/WhatsApp-Image-2022-05-07-at-12.23.38-PM-576x1024.jpeg\" alt=\"\" width=\"437\" height=\"777\" srcset=\"https:\/\/agora.xtec.cat\/ceipmisericordia-reus\/wp-content\/uploads\/usu2066\/2022\/05\/WhatsApp-Image-2022-05-07-at-12.23.38-PM-576x1024.jpeg 576w, https:\/\/agora.xtec.cat\/ceipmisericordia-reus\/wp-content\/uploads\/usu2066\/2022\/05\/WhatsApp-Image-2022-05-07-at-12.23.38-PM-169x300.jpeg 169w, https:\/\/agora.xtec.cat\/ceipmisericordia-reus\/wp-content\/uploads\/usu2066\/2022\/05\/WhatsApp-Image-2022-05-07-at-12.23.38-PM-768x1365.jpeg 768w, https:\/\/agora.xtec.cat\/ceipmisericordia-reus\/wp-content\/uploads\/usu2066\/2022\/05\/WhatsApp-Image-2022-05-07-at-12.23.38-PM-864x1536.jpeg 864w, https:\/\/agora.xtec.cat\/ceipmisericordia-reus\/wp-content\/uploads\/usu2066\/2022\/05\/WhatsApp-Image-2022-05-07-at-12.23.38-PM.jpeg 1080w\" sizes=\"auto, (max-width: 437px) 100vw, 437px\" \/><\/a><\/p>\n","protected":false},"excerpt":{"rendered":"<p>Benvolgudes fam\u00edlies,<br \/>\nEl passat divendres 6 de maig, els alumnes de sis\u00e8 curs van sumar-se a la iniciativa que forma part del programa Let\u2019s Clean Up Europe per tal de commemorar el dia europeu de la Neteja de l\u2019Entorn.<br \/>\nEls nens i nenes participants van recollir deixalles&hellip;  <a href=\"https:\/\/agora.xtec.cat\/ceipmisericordia-reus\/general\/lets-clean-up\/\" title=\"Read Let&#8217;s Clean Up\">Llegeix m\u00e9s\u00bb<\/a><\/p>\n","protected":false},"author":4,"featured_media":0,"comment_status":"open","ping_status":"closed","sticky":false,"template":"","format":"standard","meta":{"_bbp_topic_count":0,"_bbp_reply_count":0,"_bbp_total_topic_count":0,"_bbp_total_reply_count":0,"_bbp_voice_count":0,"_bbp_anonymous_reply_count":0,"_bbp_topic_count_hidden":0,"_bbp_reply_count_hidden":0,"_bbp_forum_subforum_count":0,"footnotes":""},"categories":[15,80,70,91,62,1,4],"tags":[],"class_list":["post-8190","post","type-post","status-publish","format-standard","hentry","category-6e","category-cicle-superior","category-comite-ambiental","category-ed-primaria","category-escola-verda","category-general","category-portada"],"post_mailing_queue_ids":[],"_links":{"self":[{"href":"https:\/\/agora.xtec.cat\/ceipmisericordia-reus\/wp-json\/wp\/v2\/posts\/8190","targetHints":{"allow":["GET"]}}],"collection":[{"href":"https:\/\/agora.xtec.cat\/ceipmisericordia-reus\/wp-json\/wp\/v2\/posts"}],"about":[{"href":"https:\/\/agora.xtec.cat\/ceipmisericordia-reus\/wp-json\/wp\/v2\/types\/post"}],"author":[{"embeddable":true,"href":"https:\/\/agora.xtec.cat\/ceipmisericordia-reus\/wp-json\/wp\/v2\/users\/4"}],"replies":[{"embeddable":true,"href":"https:\/\/agora.xtec.cat\/ceipmisericordia-reus\/wp-json\/wp\/v2\/comments?post=8190"}],"version-history":[{"count":2,"href":"https:\/\/agora.xtec.cat\/ceipmisericordia-reus\/wp-json\/wp\/v2\/posts\/8190\/revisions"}],"predecessor-version":[{"id":8194,"href":"https:\/\/agora.xtec.cat\/ceipmisericordia-reus\/wp-json\/wp\/v2\/posts\/8190\/revisions\/8194"}],"wp:attachment":[{"href":"https:\/\/agora.xtec.cat\/ceipmisericordia-reus\/wp-json\/wp\/v2\/media?parent=8190"}],"wp:term":[{"taxonomy":"category","embeddable":true,"href":"https:\/\/agora.xtec.cat\/ceipmisericordia-reus\/wp-json\/wp\/v2\/categories?post=8190"},{"taxonomy":"post_tag","embeddable":true,"href":"https:\/\/agora.xtec.cat\/ceipmisericordia-reus\/wp-json\/wp\/v2\/tags?post=8190"}],"curies":[{"name":"wp","href":"https:\/\/api.w.org\/{rel}","templated":true}]}}