{"id":8175,"date":"2022-05-03T13:52:20","date_gmt":"2022-05-03T11:52:20","guid":{"rendered":"https:\/\/agora.xtec.cat\/ceipmisericordia-reus\/?p=8175"},"modified":"2022-05-03T13:52:20","modified_gmt":"2022-05-03T11:52:20","slug":"som-escola-verda-comite-ambiental-2","status":"publish","type":"post","link":"https:\/\/agora.xtec.cat\/ceipmisericordia-reus\/portada\/som-escola-verda-comite-ambiental-2\/","title":{"rendered":"Som Escola Verda &#8211; Comit\u00e8 Ambiental"},"content":{"rendered":"<p>Benvolgudes fam\u00edlies,<\/p>\n<p>Com ja sabeu, som Escola Verda i, com cada trimestre, els alumnes de l&#8217;escola han treballat en diverses accions relacionades en aquest \u00e0mbit.<\/p>\n<p>En aquesta ocasi\u00f3, el cartell de l&#8217;escola est\u00e0 decorat amb diferents tem\u00e0tiques, com ara la biodiversitat, les energies renovables i no renovables, diverses accions per cuidar la natura i estalviar aigua, etc.<\/p>\n<p><a href=\"https:\/\/agora.xtec.cat\/ceipmisericordia-reus\/wp-content\/uploads\/usu2066\/2022\/05\/WhatsApp-Image-2022-05-03-at-12.41.41-PM.jpeg\"><img loading=\"lazy\" decoding=\"async\" class=\"aligncenter size-large wp-image-8176\" src=\"https:\/\/agora.xtec.cat\/ceipmisericordia-reus\/wp-content\/uploads\/usu2066\/2022\/05\/WhatsApp-Image-2022-05-03-at-12.41.41-PM-1024x576.jpeg\" alt=\"\" width=\"1024\" height=\"576\" srcset=\"https:\/\/agora.xtec.cat\/ceipmisericordia-reus\/wp-content\/uploads\/usu2066\/2022\/05\/WhatsApp-Image-2022-05-03-at-12.41.41-PM-1024x576.jpeg 1024w, https:\/\/agora.xtec.cat\/ceipmisericordia-reus\/wp-content\/uploads\/usu2066\/2022\/05\/WhatsApp-Image-2022-05-03-at-12.41.41-PM-300x169.jpeg 300w, https:\/\/agora.xtec.cat\/ceipmisericordia-reus\/wp-content\/uploads\/usu2066\/2022\/05\/WhatsApp-Image-2022-05-03-at-12.41.41-PM-768x432.jpeg 768w, https:\/\/agora.xtec.cat\/ceipmisericordia-reus\/wp-content\/uploads\/usu2066\/2022\/05\/WhatsApp-Image-2022-05-03-at-12.41.41-PM-1536x864.jpeg 1536w, https:\/\/agora.xtec.cat\/ceipmisericordia-reus\/wp-content\/uploads\/usu2066\/2022\/05\/WhatsApp-Image-2022-05-03-at-12.41.41-PM.jpeg 1599w\" sizes=\"auto, (max-width: 1024px) 100vw, 1024px\" \/><\/a><\/p>\n","protected":false},"excerpt":{"rendered":"<p>Benvolgudes fam\u00edlies,<br \/>\nCom ja sabeu, som Escola Verda i, com cada trimestre, els alumnes de l&#8217;escola han treballat en diverses accions relacionades en aquest \u00e0mbit.<br \/>\nEn aquesta ocasi\u00f3, el cartell de l&#8217;escola est\u00e0 decorat amb diferents tem\u00e0tiques, com ara la biodiversitat, les energies renovables i no renovables,&hellip;  <a href=\"https:\/\/agora.xtec.cat\/ceipmisericordia-reus\/portada\/som-escola-verda-comite-ambiental-2\/\" title=\"Read Som Escola Verda &#8211; Comit\u00e8 Ambiental\">Llegeix m\u00e9s\u00bb<\/a><\/p>\n","protected":false},"author":4,"featured_media":0,"comment_status":"open","ping_status":"closed","sticky":false,"template":"","format":"standard","meta":{"_bbp_topic_count":0,"_bbp_reply_count":0,"_bbp_total_topic_count":0,"_bbp_total_reply_count":0,"_bbp_voice_count":0,"_bbp_anonymous_reply_count":0,"_bbp_topic_count_hidden":0,"_bbp_reply_count_hidden":0,"_bbp_forum_subforum_count":0,"footnotes":""},"categories":[74,79,80,70,90,91,62,4],"tags":[],"class_list":["post-8175","post","type-post","status-publish","format-standard","hentry","category-cicle-inicial","category-cicle-mitja","category-cicle-superior","category-comite-ambiental","category-ed-infantil","category-ed-primaria","category-escola-verda","category-portada"],"post_mailing_queue_ids":[],"_links":{"self":[{"href":"https:\/\/agora.xtec.cat\/ceipmisericordia-reus\/wp-json\/wp\/v2\/posts\/8175","targetHints":{"allow":["GET"]}}],"collection":[{"href":"https:\/\/agora.xtec.cat\/ceipmisericordia-reus\/wp-json\/wp\/v2\/posts"}],"about":[{"href":"https:\/\/agora.xtec.cat\/ceipmisericordia-reus\/wp-json\/wp\/v2\/types\/post"}],"author":[{"embeddable":true,"href":"https:\/\/agora.xtec.cat\/ceipmisericordia-reus\/wp-json\/wp\/v2\/users\/4"}],"replies":[{"embeddable":true,"href":"https:\/\/agora.xtec.cat\/ceipmisericordia-reus\/wp-json\/wp\/v2\/comments?post=8175"}],"version-history":[{"count":1,"href":"https:\/\/agora.xtec.cat\/ceipmisericordia-reus\/wp-json\/wp\/v2\/posts\/8175\/revisions"}],"predecessor-version":[{"id":8177,"href":"https:\/\/agora.xtec.cat\/ceipmisericordia-reus\/wp-json\/wp\/v2\/posts\/8175\/revisions\/8177"}],"wp:attachment":[{"href":"https:\/\/agora.xtec.cat\/ceipmisericordia-reus\/wp-json\/wp\/v2\/media?parent=8175"}],"wp:term":[{"taxonomy":"category","embeddable":true,"href":"https:\/\/agora.xtec.cat\/ceipmisericordia-reus\/wp-json\/wp\/v2\/categories?post=8175"},{"taxonomy":"post_tag","embeddable":true,"href":"https:\/\/agora.xtec.cat\/ceipmisericordia-reus\/wp-json\/wp\/v2\/tags?post=8175"}],"curies":[{"name":"wp","href":"https:\/\/api.w.org\/{rel}","templated":true}]}}