{"id":8093,"date":"2022-04-06T13:44:08","date_gmt":"2022-04-06T11:44:08","guid":{"rendered":"https:\/\/agora.xtec.cat\/ceipmisericordia-reus\/?p=8093"},"modified":"2022-04-06T13:44:08","modified_gmt":"2022-04-06T11:44:08","slug":"anem-al-teatre-fortuny-2","status":"publish","type":"post","link":"https:\/\/agora.xtec.cat\/ceipmisericordia-reus\/portada\/anem-al-teatre-fortuny-2\/","title":{"rendered":"Anem al teatre Fortuny"},"content":{"rendered":"<div class=\"MOdxS \"><span class=\"_7UhW9   xLCgt      MMzan   KV-D4           se6yk       T0kll \">Avui, l&#8217;alumnat de 5\u00e8 hem anat al Teatre Fortuny seguint amb el Projecte Vincles.<br \/>\nHem tingut la sort d&#8217;entrevistar al Josep Margalef, el director del teatre. Despr\u00e9s d&#8217;esmorzar, ens han visitat els actors de la companyia Clownic, en Carles Bigorra, Edu M\u00e9ndez i Gerard Dom\u00e9nech. Els hi hem fet una entrevista i hem fet una din\u00e0mica on ens hem convertit en pallassos. Ens ho hem passat d&#8217;all\u00f2 m\u00e9s b\u00e9!<br \/>\nGr\u00e0cies per tot!<br \/>\n<a class=\" xil3i\" tabindex=\"0\" href=\"https:\/\/www.instagram.com\/explore\/tags\/escolamisericordiareus\/\">#escolamisericordiareus<\/a>\u00a0<a class=\" xil3i\" tabindex=\"0\" href=\"https:\/\/www.instagram.com\/explore\/tags\/teatrefortuny\/\">#teatrefortuny<\/a>\u00a0<a class=\" xil3i\" tabindex=\"0\" href=\"https:\/\/www.instagram.com\/explore\/tags\/escolap%C3%BAblica\/\">#escolap\u00fablica<\/a>\u00a0<a class=\" xil3i\" tabindex=\"0\" href=\"https:\/\/www.instagram.com\/explore\/tags\/projectevincles\/\">#projectevincles<\/a>\u00a0<a class=\" xil3i\" tabindex=\"0\" href=\"https:\/\/www.instagram.com\/explore\/tags\/xepr\/\">#xepr<\/a>\u00a0<a class=\" xil3i\" tabindex=\"0\" href=\"https:\/\/www.instagram.com\/explore\/tags\/reuseducaci%C3%B3\/\">#reuseducaci\u00f3<\/a><\/span><\/div>\n<p><a href=\"https:\/\/agora.xtec.cat\/ceipmisericordia-reus\/wp-content\/uploads\/usu2066\/2022\/04\/foto-teatre.jpg\"><img loading=\"lazy\" decoding=\"async\" class=\"aligncenter size-full wp-image-8094\" src=\"https:\/\/agora.xtec.cat\/ceipmisericordia-reus\/wp-content\/uploads\/usu2066\/2022\/04\/foto-teatre.jpg\" alt=\"\" width=\"813\" height=\"531\" srcset=\"https:\/\/agora.xtec.cat\/ceipmisericordia-reus\/wp-content\/uploads\/usu2066\/2022\/04\/foto-teatre.jpg 813w, https:\/\/agora.xtec.cat\/ceipmisericordia-reus\/wp-content\/uploads\/usu2066\/2022\/04\/foto-teatre-300x196.jpg 300w, https:\/\/agora.xtec.cat\/ceipmisericordia-reus\/wp-content\/uploads\/usu2066\/2022\/04\/foto-teatre-768x502.jpg 768w\" sizes=\"auto, (max-width: 813px) 100vw, 813px\" \/><\/a><\/p>\n","protected":false},"excerpt":{"rendered":"<p>Avui, l&#8217;alumnat de 5\u00e8 hem anat al Teatre Fortuny seguint amb el Projecte Vincles.<br \/>\nHem tingut la sort d&#8217;entrevistar al Josep Margalef, el director del teatre. Despr\u00e9s d&#8217;esmorzar, ens han visitat els actors de la companyia Clownic, en Carles Bigorra, Edu M\u00e9ndez i Gerard Dom\u00e9nech. Els&hellip;  <a href=\"https:\/\/agora.xtec.cat\/ceipmisericordia-reus\/portada\/anem-al-teatre-fortuny-2\/\" title=\"Read Anem al teatre Fortuny\">Llegeix m\u00e9s\u00bb<\/a><\/p>\n","protected":false},"author":4,"featured_media":0,"comment_status":"open","ping_status":"closed","sticky":false,"template":"","format":"standard","meta":{"_bbp_topic_count":0,"_bbp_reply_count":0,"_bbp_total_topic_count":0,"_bbp_total_reply_count":0,"_bbp_voice_count":0,"_bbp_anonymous_reply_count":0,"_bbp_topic_count_hidden":0,"_bbp_reply_count_hidden":0,"_bbp_forum_subforum_count":0,"footnotes":""},"categories":[14,91,4,225],"tags":[],"class_list":["post-8093","post","type-post","status-publish","format-standard","hentry","category-5e","category-ed-primaria","category-portada","category-projecte-vincles"],"post_mailing_queue_ids":[],"_links":{"self":[{"href":"https:\/\/agora.xtec.cat\/ceipmisericordia-reus\/wp-json\/wp\/v2\/posts\/8093","targetHints":{"allow":["GET"]}}],"collection":[{"href":"https:\/\/agora.xtec.cat\/ceipmisericordia-reus\/wp-json\/wp\/v2\/posts"}],"about":[{"href":"https:\/\/agora.xtec.cat\/ceipmisericordia-reus\/wp-json\/wp\/v2\/types\/post"}],"author":[{"embeddable":true,"href":"https:\/\/agora.xtec.cat\/ceipmisericordia-reus\/wp-json\/wp\/v2\/users\/4"}],"replies":[{"embeddable":true,"href":"https:\/\/agora.xtec.cat\/ceipmisericordia-reus\/wp-json\/wp\/v2\/comments?post=8093"}],"version-history":[{"count":1,"href":"https:\/\/agora.xtec.cat\/ceipmisericordia-reus\/wp-json\/wp\/v2\/posts\/8093\/revisions"}],"predecessor-version":[{"id":8095,"href":"https:\/\/agora.xtec.cat\/ceipmisericordia-reus\/wp-json\/wp\/v2\/posts\/8093\/revisions\/8095"}],"wp:attachment":[{"href":"https:\/\/agora.xtec.cat\/ceipmisericordia-reus\/wp-json\/wp\/v2\/media?parent=8093"}],"wp:term":[{"taxonomy":"category","embeddable":true,"href":"https:\/\/agora.xtec.cat\/ceipmisericordia-reus\/wp-json\/wp\/v2\/categories?post=8093"},{"taxonomy":"post_tag","embeddable":true,"href":"https:\/\/agora.xtec.cat\/ceipmisericordia-reus\/wp-json\/wp\/v2\/tags?post=8093"}],"curies":[{"name":"wp","href":"https:\/\/api.w.org\/{rel}","templated":true}]}}