{"id":7892,"date":"2022-03-07T17:18:14","date_gmt":"2022-03-07T16:18:14","guid":{"rendered":"https:\/\/agora.xtec.cat\/ceipmisericordia-reus\/?p=7892"},"modified":"2022-03-07T17:18:14","modified_gmt":"2022-03-07T16:18:14","slug":"extraescolars-a-lescola","status":"publish","type":"post","link":"https:\/\/agora.xtec.cat\/ceipmisericordia-reus\/general\/extraescolars-a-lescola\/","title":{"rendered":"Extraescolars a l&#8217;escola!"},"content":{"rendered":"<p>L&#8217;escola disposa de diverses activitats extraescolars on els nostres alumnes gaudeixen aprenent i complementen la seva formaci\u00f3.<\/p>\n<p>&#8211; Cant Coral<br \/>\n&#8211; Esport en valors<br \/>\n&#8211; Dinamitzaci\u00f3 del catal\u00e0<br \/>\n&#8211; Multiesport i Jocs tradicionals<\/p>\n<p>#escolap\u00fablica, #educaci\u00f3, #extraescolars, #coral, #valors, #catal\u00e0<\/p>\n<p><a href=\"https:\/\/agora.xtec.cat\/ceipmisericordia-reus\/wp-content\/uploads\/usu2066\/2022\/03\/extra1.jpeg\"><img loading=\"lazy\" decoding=\"async\" class=\"wp-image-7894 alignleft\" src=\"https:\/\/agora.xtec.cat\/ceipmisericordia-reus\/wp-content\/uploads\/usu2066\/2022\/03\/extra1.jpeg\" alt=\"\" width=\"336\" height=\"252\" srcset=\"https:\/\/agora.xtec.cat\/ceipmisericordia-reus\/wp-content\/uploads\/usu2066\/2022\/03\/extra1.jpeg 640w, https:\/\/agora.xtec.cat\/ceipmisericordia-reus\/wp-content\/uploads\/usu2066\/2022\/03\/extra1-300x225.jpeg 300w, https:\/\/agora.xtec.cat\/ceipmisericordia-reus\/wp-content\/uploads\/usu2066\/2022\/03\/extra1-200x150.jpeg 200w\" sizes=\"auto, (max-width: 336px) 100vw, 336px\" \/><\/a><a href=\"https:\/\/agora.xtec.cat\/ceipmisericordia-reus\/wp-content\/uploads\/usu2066\/2022\/03\/extra2.jpeg\"><img loading=\"lazy\" decoding=\"async\" class=\"aligncenter  wp-image-7893\" src=\"https:\/\/agora.xtec.cat\/ceipmisericordia-reus\/wp-content\/uploads\/usu2066\/2022\/03\/extra2.jpeg\" alt=\"\" width=\"256\" height=\"192\" srcset=\"https:\/\/agora.xtec.cat\/ceipmisericordia-reus\/wp-content\/uploads\/usu2066\/2022\/03\/extra2.jpeg 640w, https:\/\/agora.xtec.cat\/ceipmisericordia-reus\/wp-content\/uploads\/usu2066\/2022\/03\/extra2-300x225.jpeg 300w, https:\/\/agora.xtec.cat\/ceipmisericordia-reus\/wp-content\/uploads\/usu2066\/2022\/03\/extra2-200x150.jpeg 200w\" sizes=\"auto, (max-width: 256px) 100vw, 256px\" \/><\/a><\/p>\n","protected":false},"excerpt":{"rendered":"<p>L&#8217;escola disposa de diverses activitats extraescolars on els nostres alumnes gaudeixen aprenent i complementen la seva formaci\u00f3.<br \/>\n&#8211; Cant Coral<br \/>\n&#8211; Esport en valors<br \/>\n&#8211; Dinamitzaci\u00f3 del catal\u00e0<br \/>\n&#8211; Multiesport i Jocs tradicionals<br \/>\n#escolap\u00fablica, #educaci\u00f3, #extraescolars, #coral, #valors, #catal\u00e0<br \/>\n<a href=\"https:\/\/agora.xtec.cat\/ceipmisericordia-reus\/wp-content\/uploads\/usu2066\/2022\/03\/extra1.jpeg\"><\/a><a href=\"https:\/\/agora.xtec.cat\/ceipmisericordia-reus\/wp-content\/uploads\/usu2066\/2022\/03\/extra2.jpeg\"><\/a><\/p>\n","protected":false},"author":4,"featured_media":0,"comment_status":"open","ping_status":"closed","sticky":false,"template":"","format":"standard","meta":{"_bbp_topic_count":0,"_bbp_reply_count":0,"_bbp_total_topic_count":0,"_bbp_total_reply_count":0,"_bbp_voice_count":0,"_bbp_anonymous_reply_count":0,"_bbp_topic_count_hidden":0,"_bbp_reply_count_hidden":0,"_bbp_forum_subforum_count":0,"footnotes":""},"categories":[90,91,1,97,4],"tags":[],"class_list":["post-7892","post","type-post","status-publish","format-standard","hentry","category-ed-infantil","category-ed-primaria","category-general","category-noticies","category-portada"],"post_mailing_queue_ids":[],"_links":{"self":[{"href":"https:\/\/agora.xtec.cat\/ceipmisericordia-reus\/wp-json\/wp\/v2\/posts\/7892","targetHints":{"allow":["GET"]}}],"collection":[{"href":"https:\/\/agora.xtec.cat\/ceipmisericordia-reus\/wp-json\/wp\/v2\/posts"}],"about":[{"href":"https:\/\/agora.xtec.cat\/ceipmisericordia-reus\/wp-json\/wp\/v2\/types\/post"}],"author":[{"embeddable":true,"href":"https:\/\/agora.xtec.cat\/ceipmisericordia-reus\/wp-json\/wp\/v2\/users\/4"}],"replies":[{"embeddable":true,"href":"https:\/\/agora.xtec.cat\/ceipmisericordia-reus\/wp-json\/wp\/v2\/comments?post=7892"}],"version-history":[{"count":1,"href":"https:\/\/agora.xtec.cat\/ceipmisericordia-reus\/wp-json\/wp\/v2\/posts\/7892\/revisions"}],"predecessor-version":[{"id":7895,"href":"https:\/\/agora.xtec.cat\/ceipmisericordia-reus\/wp-json\/wp\/v2\/posts\/7892\/revisions\/7895"}],"wp:attachment":[{"href":"https:\/\/agora.xtec.cat\/ceipmisericordia-reus\/wp-json\/wp\/v2\/media?parent=7892"}],"wp:term":[{"taxonomy":"category","embeddable":true,"href":"https:\/\/agora.xtec.cat\/ceipmisericordia-reus\/wp-json\/wp\/v2\/categories?post=7892"},{"taxonomy":"post_tag","embeddable":true,"href":"https:\/\/agora.xtec.cat\/ceipmisericordia-reus\/wp-json\/wp\/v2\/tags?post=7892"}],"curies":[{"name":"wp","href":"https:\/\/api.w.org\/{rel}","templated":true}]}}