{"id":7839,"date":"2022-02-26T13:53:34","date_gmt":"2022-02-26T12:53:34","guid":{"rendered":"https:\/\/agora.xtec.cat\/ceipmisericordia-reus\/?p=7839"},"modified":"2022-02-26T13:54:21","modified_gmt":"2022-02-26T12:54:21","slug":"carnaval-cicle-superior","status":"publish","type":"post","link":"https:\/\/agora.xtec.cat\/ceipmisericordia-reus\/general\/carnaval-cicle-superior\/","title":{"rendered":"CARNAVAL CICLE SUPERIOR"},"content":{"rendered":"<p>Ahir a l&#8217;escola vam celebrar la festa de Carnaval! Tots\/es els\/les alumnes es van preparar un ball d&#8217;all\u00f2 m\u00e9s divertit, per despr\u00e9s acabar amb la tradicional rua. Quina gran tarda de festa i xerinola!!! I que continu\u00ef!!! \ud83d\udc83\ud83d\udc6f\ud83c\udf89\ud83c\udf8a<\/p>\n<p><iframe loading=\"lazy\" title=\"CARNAVAL CICLE SUPERIOR\" width=\"500\" height=\"375\" src=\"https:\/\/www.youtube.com\/embed\/rNfj-E-20U8?feature=oembed\" frameborder=\"0\" allow=\"accelerometer; autoplay; clipboard-write; encrypted-media; gyroscope; picture-in-picture; web-share\" referrerpolicy=\"strict-origin-when-cross-origin\" allowfullscreen><\/iframe><\/p>\n","protected":false},"excerpt":{"rendered":"<p>Ahir a l&#8217;escola vam celebrar la festa de Carnaval! Tots\/es els\/les alumnes es van preparar un ball d&#8217;all\u00f2 m\u00e9s divertit, per despr\u00e9s acabar amb la tradicional rua. Quina gran tarda de festa i xerinola!!! I que continu\u00ef!!! \ud83d\udc83\ud83d\udc6f\ud83c\udf89\ud83c\udf8a<\/p>\n","protected":false},"author":4,"featured_media":7840,"comment_status":"open","ping_status":"closed","sticky":false,"template":"","format":"standard","meta":{"_bbp_topic_count":0,"_bbp_reply_count":0,"_bbp_total_topic_count":0,"_bbp_total_reply_count":0,"_bbp_voice_count":0,"_bbp_anonymous_reply_count":0,"_bbp_topic_count_hidden":0,"_bbp_reply_count_hidden":0,"_bbp_forum_subforum_count":0,"footnotes":""},"categories":[14,15,80,90,76,108,1,4,5],"tags":[],"class_list":["post-7839","post","type-post","status-publish","format-standard","has-post-thumbnail","hentry","category-5e","category-6e","category-cicle-superior","category-ed-infantil","category-festes","category-festes-i-tradicions-populars","category-general","category-portada","category-primaria"],"post_mailing_queue_ids":[],"_links":{"self":[{"href":"https:\/\/agora.xtec.cat\/ceipmisericordia-reus\/wp-json\/wp\/v2\/posts\/7839","targetHints":{"allow":["GET"]}}],"collection":[{"href":"https:\/\/agora.xtec.cat\/ceipmisericordia-reus\/wp-json\/wp\/v2\/posts"}],"about":[{"href":"https:\/\/agora.xtec.cat\/ceipmisericordia-reus\/wp-json\/wp\/v2\/types\/post"}],"author":[{"embeddable":true,"href":"https:\/\/agora.xtec.cat\/ceipmisericordia-reus\/wp-json\/wp\/v2\/users\/4"}],"replies":[{"embeddable":true,"href":"https:\/\/agora.xtec.cat\/ceipmisericordia-reus\/wp-json\/wp\/v2\/comments?post=7839"}],"version-history":[{"count":1,"href":"https:\/\/agora.xtec.cat\/ceipmisericordia-reus\/wp-json\/wp\/v2\/posts\/7839\/revisions"}],"predecessor-version":[{"id":7841,"href":"https:\/\/agora.xtec.cat\/ceipmisericordia-reus\/wp-json\/wp\/v2\/posts\/7839\/revisions\/7841"}],"wp:featuredmedia":[{"embeddable":true,"href":"https:\/\/agora.xtec.cat\/ceipmisericordia-reus\/wp-json\/wp\/v2\/media\/7840"}],"wp:attachment":[{"href":"https:\/\/agora.xtec.cat\/ceipmisericordia-reus\/wp-json\/wp\/v2\/media?parent=7839"}],"wp:term":[{"taxonomy":"category","embeddable":true,"href":"https:\/\/agora.xtec.cat\/ceipmisericordia-reus\/wp-json\/wp\/v2\/categories?post=7839"},{"taxonomy":"post_tag","embeddable":true,"href":"https:\/\/agora.xtec.cat\/ceipmisericordia-reus\/wp-json\/wp\/v2\/tags?post=7839"}],"curies":[{"name":"wp","href":"https:\/\/api.w.org\/{rel}","templated":true}]}}