{"id":7830,"date":"2022-02-26T13:46:02","date_gmt":"2022-02-26T12:46:02","guid":{"rendered":"https:\/\/agora.xtec.cat\/ceipmisericordia-reus\/?p=7830"},"modified":"2022-02-26T13:46:02","modified_gmt":"2022-02-26T12:46:02","slug":"carnaval-educacio-infantil","status":"publish","type":"post","link":"https:\/\/agora.xtec.cat\/ceipmisericordia-reus\/general\/carnaval-educacio-infantil\/","title":{"rendered":"CARNAVAL EDUCACI\u00d3 INFANTIL"},"content":{"rendered":"<p>Ahir a l&#8217;escola vam celebrar la festa de Carnaval! Tots\/es els\/les alumnes es van preparar un ball d&#8217;all\u00f2 m\u00e9s divertit, per despr\u00e9s acabar amb la tradicional rua. Quina gran tarda de festa i xerinola!!! I que continu\u00ef!!! \ud83d\udc83\ud83d\udc6f\ud83c\udf89\ud83c\udf8a<\/p>\n<p><iframe loading=\"lazy\" title=\"CARNAVAL EDUCACI\u00d3 INFANTIL\" width=\"500\" height=\"375\" src=\"https:\/\/www.youtube.com\/embed\/GH0AiHaqaGk?feature=oembed\" frameborder=\"0\" allow=\"accelerometer; autoplay; clipboard-write; encrypted-media; gyroscope; picture-in-picture; web-share\" referrerpolicy=\"strict-origin-when-cross-origin\" allowfullscreen><\/iframe><\/p>\n","protected":false},"excerpt":{"rendered":"<p>Ahir a l&#8217;escola vam celebrar la festa de Carnaval! Tots\/es els\/les alumnes es van preparar un ball d&#8217;all\u00f2 m\u00e9s divertit, per despr\u00e9s acabar amb la tradicional rua. Quina gran tarda de festa i xerinola!!! I que continu\u00ef!!! \ud83d\udc83\ud83d\udc6f\ud83c\udf89\ud83c\udf8a<\/p>\n","protected":false},"author":4,"featured_media":7831,"comment_status":"open","ping_status":"closed","sticky":false,"template":"","format":"standard","meta":{"_bbp_topic_count":0,"_bbp_reply_count":0,"_bbp_total_topic_count":0,"_bbp_total_reply_count":0,"_bbp_voice_count":0,"_bbp_anonymous_reply_count":0,"_bbp_topic_count_hidden":0,"_bbp_reply_count_hidden":0,"_bbp_forum_subforum_count":0,"footnotes":""},"categories":[91,76,108,1,2,3,8,9,4],"tags":[],"class_list":["post-7830","post","type-post","status-publish","format-standard","has-post-thumbnail","hentry","category-ed-primaria","category-festes","category-festes-i-tradicions-populars","category-general","category-infantil","category-p3","category-p4","category-p5","category-portada"],"post_mailing_queue_ids":[],"_links":{"self":[{"href":"https:\/\/agora.xtec.cat\/ceipmisericordia-reus\/wp-json\/wp\/v2\/posts\/7830","targetHints":{"allow":["GET"]}}],"collection":[{"href":"https:\/\/agora.xtec.cat\/ceipmisericordia-reus\/wp-json\/wp\/v2\/posts"}],"about":[{"href":"https:\/\/agora.xtec.cat\/ceipmisericordia-reus\/wp-json\/wp\/v2\/types\/post"}],"author":[{"embeddable":true,"href":"https:\/\/agora.xtec.cat\/ceipmisericordia-reus\/wp-json\/wp\/v2\/users\/4"}],"replies":[{"embeddable":true,"href":"https:\/\/agora.xtec.cat\/ceipmisericordia-reus\/wp-json\/wp\/v2\/comments?post=7830"}],"version-history":[{"count":1,"href":"https:\/\/agora.xtec.cat\/ceipmisericordia-reus\/wp-json\/wp\/v2\/posts\/7830\/revisions"}],"predecessor-version":[{"id":7832,"href":"https:\/\/agora.xtec.cat\/ceipmisericordia-reus\/wp-json\/wp\/v2\/posts\/7830\/revisions\/7832"}],"wp:featuredmedia":[{"embeddable":true,"href":"https:\/\/agora.xtec.cat\/ceipmisericordia-reus\/wp-json\/wp\/v2\/media\/7831"}],"wp:attachment":[{"href":"https:\/\/agora.xtec.cat\/ceipmisericordia-reus\/wp-json\/wp\/v2\/media?parent=7830"}],"wp:term":[{"taxonomy":"category","embeddable":true,"href":"https:\/\/agora.xtec.cat\/ceipmisericordia-reus\/wp-json\/wp\/v2\/categories?post=7830"},{"taxonomy":"post_tag","embeddable":true,"href":"https:\/\/agora.xtec.cat\/ceipmisericordia-reus\/wp-json\/wp\/v2\/tags?post=7830"}],"curies":[{"name":"wp","href":"https:\/\/api.w.org\/{rel}","templated":true}]}}