{"id":7825,"date":"2022-02-25T09:15:10","date_gmt":"2022-02-25T08:15:10","guid":{"rendered":"https:\/\/agora.xtec.cat\/ceipmisericordia-reus\/?p=7825"},"modified":"2022-02-25T09:15:10","modified_gmt":"2022-02-25T08:15:10","slug":"preinscripcio-2022-2023","status":"publish","type":"post","link":"https:\/\/agora.xtec.cat\/ceipmisericordia-reus\/general\/preinscripcio-2022-2023\/","title":{"rendered":"PREINSCRIPCI\u00d3 2022-2023"},"content":{"rendered":"<p>Viu la p\u00fablica. Preinscripci\u00f3 2022-23. <a href=\"https:\/\/www.facebook.com\/hashtag\/escolamontsantreus?__eep__=6&amp;__cft__%5b0%5d=AZUCNSmtnE0-ehhYEO0w-CR80r7gqMfmCpK0r6zI7MTxPzEH31MX6Tzhrwbt5wEKvAsgVNOLqK55lImn1wRc1DjB5eUoVkPo67Lc8QSvDfADygiuHb2J3gqVzK7EbG1sTGMJja-_9XJWwwtYk3pYBs_1kVIKjPQFBZp3cyuY_MKlrX2wifnl_98UNOerMbHzhwI&amp;__tn__=*NK-R\">#escolamiserico<\/a><a href=\"https:\/\/agora.xtec.cat\/ceipmisericordia-reus\/wp-content\/uploads\/usu2066\/2022\/02\/1-4.jpg\"><img loading=\"lazy\" decoding=\"async\" class=\"aligncenter size-full wp-image-7826\" src=\"https:\/\/agora.xtec.cat\/ceipmisericordia-reus\/wp-content\/uploads\/usu2066\/2022\/02\/1-4.jpg\" alt=\"\" width=\"1000\" height=\"1000\" srcset=\"https:\/\/agora.xtec.cat\/ceipmisericordia-reus\/wp-content\/uploads\/usu2066\/2022\/02\/1-4.jpg 1000w, https:\/\/agora.xtec.cat\/ceipmisericordia-reus\/wp-content\/uploads\/usu2066\/2022\/02\/1-4-300x300.jpg 300w, https:\/\/agora.xtec.cat\/ceipmisericordia-reus\/wp-content\/uploads\/usu2066\/2022\/02\/1-4-150x150.jpg 150w, https:\/\/agora.xtec.cat\/ceipmisericordia-reus\/wp-content\/uploads\/usu2066\/2022\/02\/1-4-768x768.jpg 768w\" sizes=\"auto, (max-width: 1000px) 100vw, 1000px\" \/><\/a><a href=\"https:\/\/www.facebook.com\/hashtag\/escolamontsantreus?__eep__=6&amp;__cft__%5b0%5d=AZUCNSmtnE0-ehhYEO0w-CR80r7gqMfmCpK0r6zI7MTxPzEH31MX6Tzhrwbt5wEKvAsgVNOLqK55lImn1wRc1DjB5eUoVkPo67Lc8QSvDfADygiuHb2J3gqVzK7EbG1sTGMJja-_9XJWwwtYk3pYBs_1kVIKjPQFBZp3cyuY_MKlrX2wifnl_98UNOerMbHzhwI&amp;__tn__=*NK-R\">adereus<\/a> #viulap\u00fablica #XEPR<\/p>\n","protected":false},"excerpt":{"rendered":"<p>Viu la p\u00fablica. Preinscripci\u00f3 2022-23. <a href=\"https:\/\/www.facebook.com\/hashtag\/escolamontsantreus?__eep__=6&amp;__cft__%5b0%5d=AZUCNSmtnE0-ehhYEO0w-CR80r7gqMfmCpK0r6zI7MTxPzEH31MX6Tzhrwbt5wEKvAsgVNOLqK55lImn1wRc1DjB5eUoVkPo67Lc8QSvDfADygiuHb2J3gqVzK7EbG1sTGMJja-_9XJWwwtYk3pYBs_1kVIKjPQFBZp3cyuY_MKlrX2wifnl_98UNOerMbHzhwI&amp;__tn__=*NK-R\">#escolamiserico<\/a><a href=\"https:\/\/agora.xtec.cat\/ceipmisericordia-reus\/wp-content\/uploads\/usu2066\/2022\/02\/1-4.jpg\"><\/a><a href=\"https:\/\/www.facebook.com\/hashtag\/escolamontsantreus?__eep__=6&amp;__cft__%5b0%5d=AZUCNSmtnE0-ehhYEO0w-CR80r7gqMfmCpK0r6zI7MTxPzEH31MX6Tzhrwbt5wEKvAsgVNOLqK55lImn1wRc1DjB5eUoVkPo67Lc8QSvDfADygiuHb2J3gqVzK7EbG1sTGMJja-_9XJWwwtYk3pYBs_1kVIKjPQFBZp3cyuY_MKlrX2wifnl_98UNOerMbHzhwI&amp;__tn__=*NK-R\">adereus<\/a> #viulap\u00fablica #XEPR<\/p>\n","protected":false},"author":4,"featured_media":0,"comment_status":"open","ping_status":"closed","sticky":false,"template":"","format":"standard","meta":{"_bbp_topic_count":0,"_bbp_reply_count":0,"_bbp_total_topic_count":0,"_bbp_total_reply_count":0,"_bbp_voice_count":0,"_bbp_anonymous_reply_count":0,"_bbp_topic_count_hidden":0,"_bbp_reply_count_hidden":0,"_bbp_forum_subforum_count":0,"footnotes":""},"categories":[1,4],"tags":[],"class_list":["post-7825","post","type-post","status-publish","format-standard","hentry","category-general","category-portada"],"post_mailing_queue_ids":[],"_links":{"self":[{"href":"https:\/\/agora.xtec.cat\/ceipmisericordia-reus\/wp-json\/wp\/v2\/posts\/7825","targetHints":{"allow":["GET"]}}],"collection":[{"href":"https:\/\/agora.xtec.cat\/ceipmisericordia-reus\/wp-json\/wp\/v2\/posts"}],"about":[{"href":"https:\/\/agora.xtec.cat\/ceipmisericordia-reus\/wp-json\/wp\/v2\/types\/post"}],"author":[{"embeddable":true,"href":"https:\/\/agora.xtec.cat\/ceipmisericordia-reus\/wp-json\/wp\/v2\/users\/4"}],"replies":[{"embeddable":true,"href":"https:\/\/agora.xtec.cat\/ceipmisericordia-reus\/wp-json\/wp\/v2\/comments?post=7825"}],"version-history":[{"count":1,"href":"https:\/\/agora.xtec.cat\/ceipmisericordia-reus\/wp-json\/wp\/v2\/posts\/7825\/revisions"}],"predecessor-version":[{"id":7827,"href":"https:\/\/agora.xtec.cat\/ceipmisericordia-reus\/wp-json\/wp\/v2\/posts\/7825\/revisions\/7827"}],"wp:attachment":[{"href":"https:\/\/agora.xtec.cat\/ceipmisericordia-reus\/wp-json\/wp\/v2\/media?parent=7825"}],"wp:term":[{"taxonomy":"category","embeddable":true,"href":"https:\/\/agora.xtec.cat\/ceipmisericordia-reus\/wp-json\/wp\/v2\/categories?post=7825"},{"taxonomy":"post_tag","embeddable":true,"href":"https:\/\/agora.xtec.cat\/ceipmisericordia-reus\/wp-json\/wp\/v2\/tags?post=7825"}],"curies":[{"name":"wp","href":"https:\/\/api.w.org\/{rel}","templated":true}]}}