{"id":7802,"date":"2022-02-22T20:43:51","date_gmt":"2022-02-22T19:43:51","guid":{"rendered":"https:\/\/agora.xtec.cat\/ceipmisericordia-reus\/?p=7802"},"modified":"2022-02-22T20:43:51","modified_gmt":"2022-02-22T19:43:51","slug":"visita-al-museu","status":"publish","type":"post","link":"https:\/\/agora.xtec.cat\/ceipmisericordia-reus\/infantil\/visita-al-museu\/","title":{"rendered":"Visita al Museu!"},"content":{"rendered":"<p>Ahir, la classe de P5, va anar a visitar el Museu Arqueol\u00f2gic Salvador\u00a0<span class=\"hiddenSpellError\">Vilaseca<\/span>, on van poder gaudir de l&#8217;activitat &#8220;La prehist\u00f2ria a cau d&#8217;orella&#8221;.<\/p>\n<p>Aquest segon trimestre, ens trobem immersos en el fant\u00e0stic\u00a0m\u00f3n\u00a0prehist\u00f2ric, i ahir vam poder aprendre molt\u00edssimes coses! Vam fer m\u00fasica amb instruments i elements naturals, ens vam vestir com els homes i dones de l&#8217;\u00e8poca, vam jugar amb els animals, i fins i tot vam fer un xiulet!<\/p>\n<p>Mireu que b\u00e9 ens ho vam passar!<\/p>\n<p><iframe loading=\"lazy\" title=\"Visita al Museu!\" width=\"500\" height=\"281\" src=\"https:\/\/www.youtube.com\/embed\/YSKVB4uigmA?feature=oembed\" frameborder=\"0\" allow=\"accelerometer; autoplay; clipboard-write; encrypted-media; gyroscope; picture-in-picture; web-share\" referrerpolicy=\"strict-origin-when-cross-origin\" allowfullscreen><\/iframe><\/p>\n","protected":false},"excerpt":{"rendered":"<p>Ahir, la classe de P5, va anar a visitar el Museu Arqueol\u00f2gic Salvador\u00a0Vilaseca, on van poder gaudir de l&#8217;activitat &#8220;La prehist\u00f2ria a cau d&#8217;orella&#8221;.<br \/>\nAquest segon trimestre, ens trobem immersos en el fant\u00e0stic\u00a0m\u00f3n\u00a0prehist\u00f2ric, i ahir vam poder aprendre molt\u00edssimes coses! Vam fer m\u00fasica amb instruments i&hellip;  <a href=\"https:\/\/agora.xtec.cat\/ceipmisericordia-reus\/infantil\/visita-al-museu\/\" title=\"Read Visita al Museu!\">Llegeix m\u00e9s\u00bb<\/a><\/p>\n","protected":false},"author":4,"featured_media":7803,"comment_status":"open","ping_status":"closed","sticky":false,"template":"","format":"standard","meta":{"_bbp_topic_count":0,"_bbp_reply_count":0,"_bbp_total_topic_count":0,"_bbp_total_reply_count":0,"_bbp_voice_count":0,"_bbp_anonymous_reply_count":0,"_bbp_topic_count_hidden":0,"_bbp_reply_count_hidden":0,"_bbp_forum_subforum_count":0,"footnotes":""},"categories":[90,2,9,4],"tags":[125,132,224,137,126,110],"class_list":["post-7802","post","type-post","status-publish","format-standard","has-post-thumbnail","hentry","category-ed-infantil","category-infantil","category-p5","category-portada","tag-escolamisericordiadereus","tag-escolapublicareus","tag-museusalvadorvilaseca","tag-vivadiversaipublica","tag-xarxaescolespubliquesreus","tag-infantil"],"post_mailing_queue_ids":[],"_links":{"self":[{"href":"https:\/\/agora.xtec.cat\/ceipmisericordia-reus\/wp-json\/wp\/v2\/posts\/7802","targetHints":{"allow":["GET"]}}],"collection":[{"href":"https:\/\/agora.xtec.cat\/ceipmisericordia-reus\/wp-json\/wp\/v2\/posts"}],"about":[{"href":"https:\/\/agora.xtec.cat\/ceipmisericordia-reus\/wp-json\/wp\/v2\/types\/post"}],"author":[{"embeddable":true,"href":"https:\/\/agora.xtec.cat\/ceipmisericordia-reus\/wp-json\/wp\/v2\/users\/4"}],"replies":[{"embeddable":true,"href":"https:\/\/agora.xtec.cat\/ceipmisericordia-reus\/wp-json\/wp\/v2\/comments?post=7802"}],"version-history":[{"count":1,"href":"https:\/\/agora.xtec.cat\/ceipmisericordia-reus\/wp-json\/wp\/v2\/posts\/7802\/revisions"}],"predecessor-version":[{"id":7804,"href":"https:\/\/agora.xtec.cat\/ceipmisericordia-reus\/wp-json\/wp\/v2\/posts\/7802\/revisions\/7804"}],"wp:featuredmedia":[{"embeddable":true,"href":"https:\/\/agora.xtec.cat\/ceipmisericordia-reus\/wp-json\/wp\/v2\/media\/7803"}],"wp:attachment":[{"href":"https:\/\/agora.xtec.cat\/ceipmisericordia-reus\/wp-json\/wp\/v2\/media?parent=7802"}],"wp:term":[{"taxonomy":"category","embeddable":true,"href":"https:\/\/agora.xtec.cat\/ceipmisericordia-reus\/wp-json\/wp\/v2\/categories?post=7802"},{"taxonomy":"post_tag","embeddable":true,"href":"https:\/\/agora.xtec.cat\/ceipmisericordia-reus\/wp-json\/wp\/v2\/tags?post=7802"}],"curies":[{"name":"wp","href":"https:\/\/api.w.org\/{rel}","templated":true}]}}