{"id":7768,"date":"2022-02-21T11:08:42","date_gmt":"2022-02-21T10:08:42","guid":{"rendered":"https:\/\/agora.xtec.cat\/ceipmisericordia-reus\/?p=7768"},"modified":"2022-02-21T11:08:42","modified_gmt":"2022-02-21T10:08:42","slug":"dia-internacional-de-la-llengua-materna","status":"publish","type":"post","link":"https:\/\/agora.xtec.cat\/ceipmisericordia-reus\/portada\/dia-internacional-de-la-llengua-materna\/","title":{"rendered":"DIA INTERNACIONAL DE LA LLENGUA MATERNA"},"content":{"rendered":"<p>&nbsp;<\/p>\n<div dir=\"auto\">Avui celebrem el Dia Internacional de la Llengua Materna proclamat per la UNESCO el 1999.<\/div>\n<div dir=\"auto\">La nostra escola creu en la potencialitat de totes les lleng\u00fces com a eina important per recon\u00e8ixer el valor de la diversitat ling\u00fc\u00edstica i cultural, aix\u00ed com la promoci\u00f3 del pluriling\u00fcisme.<\/div>\n<div dir=\"auto\">Enguany entre tota la comunitat educativa hem creat un mural per celebrar aquest dia. GR\u00c0CIES!!!<\/div>\n<div dir=\"auto\"><\/div>\n<p><a href=\"https:\/\/agora.xtec.cat\/ceipmisericordia-reus\/wp-content\/uploads\/usu2066\/2022\/02\/20220214_114256-scaled.jpg\"><img loading=\"lazy\" decoding=\"async\" class=\"aligncenter size-full wp-image-7769\" src=\"https:\/\/agora.xtec.cat\/ceipmisericordia-reus\/wp-content\/uploads\/usu2066\/2022\/02\/20220214_114256-scaled.jpg\" alt=\"\" width=\"2560\" height=\"861\" srcset=\"https:\/\/agora.xtec.cat\/ceipmisericordia-reus\/wp-content\/uploads\/usu2066\/2022\/02\/20220214_114256-scaled.jpg 2560w, https:\/\/agora.xtec.cat\/ceipmisericordia-reus\/wp-content\/uploads\/usu2066\/2022\/02\/20220214_114256-300x101.jpg 300w, https:\/\/agora.xtec.cat\/ceipmisericordia-reus\/wp-content\/uploads\/usu2066\/2022\/02\/20220214_114256-1024x344.jpg 1024w, https:\/\/agora.xtec.cat\/ceipmisericordia-reus\/wp-content\/uploads\/usu2066\/2022\/02\/20220214_114256-768x258.jpg 768w, https:\/\/agora.xtec.cat\/ceipmisericordia-reus\/wp-content\/uploads\/usu2066\/2022\/02\/20220214_114256-1536x517.jpg 1536w, https:\/\/agora.xtec.cat\/ceipmisericordia-reus\/wp-content\/uploads\/usu2066\/2022\/02\/20220214_114256-2048x689.jpg 2048w\" sizes=\"auto, (max-width: 2560px) 100vw, 2560px\" \/><\/a><\/p>\n","protected":false},"excerpt":{"rendered":"<p>&nbsp;<br \/>\nAvui celebrem el Dia Internacional de la Llengua Materna proclamat per la UNESCO el 1999.<br \/>\nLa nostra escola creu en la potencialitat de totes les lleng\u00fces com a eina important per recon\u00e8ixer el valor de la diversitat ling\u00fc\u00edstica i cultural, aix\u00ed com la promoci\u00f3 del pluriling\u00fcisme.<br \/>\nEnguany&hellip;  <a href=\"https:\/\/agora.xtec.cat\/ceipmisericordia-reus\/portada\/dia-internacional-de-la-llengua-materna\/\" title=\"Read DIA INTERNACIONAL DE LA LLENGUA MATERNA\">Llegeix m\u00e9s\u00bb<\/a><\/p>\n","protected":false},"author":4,"featured_media":0,"comment_status":"open","ping_status":"closed","sticky":false,"template":"","format":"standard","meta":{"_bbp_topic_count":0,"_bbp_reply_count":0,"_bbp_total_topic_count":0,"_bbp_total_reply_count":0,"_bbp_voice_count":0,"_bbp_anonymous_reply_count":0,"_bbp_topic_count_hidden":0,"_bbp_reply_count_hidden":0,"_bbp_forum_subforum_count":0,"footnotes":""},"categories":[90,91,4],"tags":[],"class_list":["post-7768","post","type-post","status-publish","format-standard","hentry","category-ed-infantil","category-ed-primaria","category-portada"],"post_mailing_queue_ids":[],"_links":{"self":[{"href":"https:\/\/agora.xtec.cat\/ceipmisericordia-reus\/wp-json\/wp\/v2\/posts\/7768","targetHints":{"allow":["GET"]}}],"collection":[{"href":"https:\/\/agora.xtec.cat\/ceipmisericordia-reus\/wp-json\/wp\/v2\/posts"}],"about":[{"href":"https:\/\/agora.xtec.cat\/ceipmisericordia-reus\/wp-json\/wp\/v2\/types\/post"}],"author":[{"embeddable":true,"href":"https:\/\/agora.xtec.cat\/ceipmisericordia-reus\/wp-json\/wp\/v2\/users\/4"}],"replies":[{"embeddable":true,"href":"https:\/\/agora.xtec.cat\/ceipmisericordia-reus\/wp-json\/wp\/v2\/comments?post=7768"}],"version-history":[{"count":1,"href":"https:\/\/agora.xtec.cat\/ceipmisericordia-reus\/wp-json\/wp\/v2\/posts\/7768\/revisions"}],"predecessor-version":[{"id":7770,"href":"https:\/\/agora.xtec.cat\/ceipmisericordia-reus\/wp-json\/wp\/v2\/posts\/7768\/revisions\/7770"}],"wp:attachment":[{"href":"https:\/\/agora.xtec.cat\/ceipmisericordia-reus\/wp-json\/wp\/v2\/media?parent=7768"}],"wp:term":[{"taxonomy":"category","embeddable":true,"href":"https:\/\/agora.xtec.cat\/ceipmisericordia-reus\/wp-json\/wp\/v2\/categories?post=7768"},{"taxonomy":"post_tag","embeddable":true,"href":"https:\/\/agora.xtec.cat\/ceipmisericordia-reus\/wp-json\/wp\/v2\/tags?post=7768"}],"curies":[{"name":"wp","href":"https:\/\/api.w.org\/{rel}","templated":true}]}}