{"id":7755,"date":"2022-02-15T14:57:19","date_gmt":"2022-02-15T13:57:19","guid":{"rendered":"https:\/\/agora.xtec.cat\/ceipmisericordia-reus\/?p=7755"},"modified":"2022-02-15T19:28:13","modified_gmt":"2022-02-15T18:28:13","slug":"estic-be-doctora","status":"publish","type":"post","link":"https:\/\/agora.xtec.cat\/ceipmisericordia-reus\/portada\/estic-be-doctora\/","title":{"rendered":"Estic b\u00e9 doctora?"},"content":{"rendered":"<p>A l&#8217;aula d&#8217;acollida treballem per aprendre catal\u00e0 de forma contextualitzada.<\/p>\n<p>El darrer tema que hem treballat ha estat el del cos, les emocions i tot all\u00f2 relacionat amb la salut. Hem passat d&#8217;aprendre nou vocabulari, a fer petites descripcions f\u00edsiques, compartir emocions, fer collages&#8230; Fins i tot hem muntat una petita consulta m\u00e8dica on pacients i doctores\/doctors han pogut practicar el catal\u00e0 de forma vivencial i divertida.<\/p>\n<p>&nbsp;<\/p>\n<p><a href=\"https:\/\/agora.xtec.cat\/ceipmisericordia-reus\/wp-content\/uploads\/usu2066\/2022\/02\/AA-Collage-Salut.jpg\"><img loading=\"lazy\" decoding=\"async\" class=\"aligncenter wp-image-7759 size-full\" src=\"https:\/\/agora.xtec.cat\/ceipmisericordia-reus\/wp-content\/uploads\/usu2066\/2022\/02\/AA-Collage-Salut.jpg\" alt=\"\" width=\"1024\" height=\"788\" srcset=\"https:\/\/agora.xtec.cat\/ceipmisericordia-reus\/wp-content\/uploads\/usu2066\/2022\/02\/AA-Collage-Salut.jpg 1024w, https:\/\/agora.xtec.cat\/ceipmisericordia-reus\/wp-content\/uploads\/usu2066\/2022\/02\/AA-Collage-Salut-300x231.jpg 300w, https:\/\/agora.xtec.cat\/ceipmisericordia-reus\/wp-content\/uploads\/usu2066\/2022\/02\/AA-Collage-Salut-768x591.jpg 768w\" sizes=\"auto, (max-width: 1024px) 100vw, 1024px\" \/><\/a><\/p>\n","protected":false},"excerpt":{"rendered":"<p>A l&#8217;aula d&#8217;acollida treballem per aprendre catal\u00e0 de forma contextualitzada.<br \/>\nEl darrer tema que hem treballat ha estat el del cos, les emocions i tot all\u00f2 relacionat amb la salut. Hem passat d&#8217;aprendre nou vocabulari, a fer petites descripcions f\u00edsiques, compartir emocions, fer collages&#8230; Fins i&hellip;  <a href=\"https:\/\/agora.xtec.cat\/ceipmisericordia-reus\/portada\/estic-be-doctora\/\" title=\"Read Estic b\u00e9 doctora?\">Llegeix m\u00e9s\u00bb<\/a><\/p>\n","protected":false},"author":4,"featured_media":0,"comment_status":"open","ping_status":"closed","sticky":false,"template":"","format":"standard","meta":{"_bbp_topic_count":0,"_bbp_reply_count":0,"_bbp_total_topic_count":0,"_bbp_total_reply_count":0,"_bbp_voice_count":0,"_bbp_anonymous_reply_count":0,"_bbp_topic_count_hidden":0,"_bbp_reply_count_hidden":0,"_bbp_forum_subforum_count":0,"footnotes":""},"categories":[83,4],"tags":[],"class_list":["post-7755","post","type-post","status-publish","format-standard","hentry","category-aula-dacollida","category-portada"],"post_mailing_queue_ids":[],"_links":{"self":[{"href":"https:\/\/agora.xtec.cat\/ceipmisericordia-reus\/wp-json\/wp\/v2\/posts\/7755","targetHints":{"allow":["GET"]}}],"collection":[{"href":"https:\/\/agora.xtec.cat\/ceipmisericordia-reus\/wp-json\/wp\/v2\/posts"}],"about":[{"href":"https:\/\/agora.xtec.cat\/ceipmisericordia-reus\/wp-json\/wp\/v2\/types\/post"}],"author":[{"embeddable":true,"href":"https:\/\/agora.xtec.cat\/ceipmisericordia-reus\/wp-json\/wp\/v2\/users\/4"}],"replies":[{"embeddable":true,"href":"https:\/\/agora.xtec.cat\/ceipmisericordia-reus\/wp-json\/wp\/v2\/comments?post=7755"}],"version-history":[{"count":3,"href":"https:\/\/agora.xtec.cat\/ceipmisericordia-reus\/wp-json\/wp\/v2\/posts\/7755\/revisions"}],"predecessor-version":[{"id":7761,"href":"https:\/\/agora.xtec.cat\/ceipmisericordia-reus\/wp-json\/wp\/v2\/posts\/7755\/revisions\/7761"}],"wp:attachment":[{"href":"https:\/\/agora.xtec.cat\/ceipmisericordia-reus\/wp-json\/wp\/v2\/media?parent=7755"}],"wp:term":[{"taxonomy":"category","embeddable":true,"href":"https:\/\/agora.xtec.cat\/ceipmisericordia-reus\/wp-json\/wp\/v2\/categories?post=7755"},{"taxonomy":"post_tag","embeddable":true,"href":"https:\/\/agora.xtec.cat\/ceipmisericordia-reus\/wp-json\/wp\/v2\/tags?post=7755"}],"curies":[{"name":"wp","href":"https:\/\/api.w.org\/{rel}","templated":true}]}}