{"id":7752,"date":"2022-02-15T13:49:00","date_gmt":"2022-02-15T12:49:00","guid":{"rendered":"https:\/\/agora.xtec.cat\/ceipmisericordia-reus\/?p=7752"},"modified":"2022-02-15T13:49:00","modified_gmt":"2022-02-15T12:49:00","slug":"menja-sa-en-familia","status":"publish","type":"post","link":"https:\/\/agora.xtec.cat\/ceipmisericordia-reus\/general\/menja-sa-en-familia\/","title":{"rendered":"Menja sa en fam\u00edlia"},"content":{"rendered":"<p>Ahir a la tarda, els alumnes de 4t van poder gaudir del taller \u201cMenja sa en fam\u00edlia\u201d. L\u2019activitat tenia com a principal objectiu fomentar h\u00e0bits de vida saludable, i de conscienciar als alumnes sobre la import\u00e0ncia que t\u00e9 seguir una alimentaci\u00f3 sana i equilibrada.<\/p>\n<p>Els alumnes de 4t van poder dissenyar el seu propi men\u00fa setmanal i van poder gaudir molt\u00edssim!<\/p>\n<p><a href=\"https:\/\/agora.xtec.cat\/ceipmisericordia-reus\/wp-content\/uploads\/usu2066\/2022\/02\/1644872935349.jpg\"><img loading=\"lazy\" decoding=\"async\" class=\"aligncenter  wp-image-7753\" src=\"https:\/\/agora.xtec.cat\/ceipmisericordia-reus\/wp-content\/uploads\/usu2066\/2022\/02\/1644872935349-169x300.jpg\" alt=\"\" width=\"236\" height=\"419\" srcset=\"https:\/\/agora.xtec.cat\/ceipmisericordia-reus\/wp-content\/uploads\/usu2066\/2022\/02\/1644872935349-169x300.jpg 169w, https:\/\/agora.xtec.cat\/ceipmisericordia-reus\/wp-content\/uploads\/usu2066\/2022\/02\/1644872935349-576x1024.jpg 576w, https:\/\/agora.xtec.cat\/ceipmisericordia-reus\/wp-content\/uploads\/usu2066\/2022\/02\/1644872935349-768x1365.jpg 768w, https:\/\/agora.xtec.cat\/ceipmisericordia-reus\/wp-content\/uploads\/usu2066\/2022\/02\/1644872935349-864x1536.jpg 864w, https:\/\/agora.xtec.cat\/ceipmisericordia-reus\/wp-content\/uploads\/usu2066\/2022\/02\/1644872935349.jpg 1080w\" sizes=\"auto, (max-width: 236px) 100vw, 236px\" \/><\/a><\/p>\n","protected":false},"excerpt":{"rendered":"<p>Ahir a la tarda, els alumnes de 4t van poder gaudir del taller \u201cMenja sa en fam\u00edlia\u201d. L\u2019activitat tenia com a principal objectiu fomentar h\u00e0bits de vida saludable, i de conscienciar als alumnes sobre la import\u00e0ncia que t\u00e9 seguir una alimentaci\u00f3 sana i equilibrada.<br \/>\nEls alumnes&hellip;  <a href=\"https:\/\/agora.xtec.cat\/ceipmisericordia-reus\/general\/menja-sa-en-familia\/\" title=\"Read Menja sa en fam\u00edlia\">Llegeix m\u00e9s\u00bb<\/a><\/p>\n","protected":false},"author":4,"featured_media":0,"comment_status":"open","ping_status":"closed","sticky":false,"template":"","format":"standard","meta":{"_bbp_topic_count":0,"_bbp_reply_count":0,"_bbp_total_topic_count":0,"_bbp_total_reply_count":0,"_bbp_voice_count":0,"_bbp_anonymous_reply_count":0,"_bbp_topic_count_hidden":0,"_bbp_reply_count_hidden":0,"_bbp_forum_subforum_count":0,"footnotes":""},"categories":[13,79,91,1,4],"tags":[],"class_list":["post-7752","post","type-post","status-publish","format-standard","hentry","category-4t","category-cicle-mitja","category-ed-primaria","category-general","category-portada"],"post_mailing_queue_ids":[],"_links":{"self":[{"href":"https:\/\/agora.xtec.cat\/ceipmisericordia-reus\/wp-json\/wp\/v2\/posts\/7752","targetHints":{"allow":["GET"]}}],"collection":[{"href":"https:\/\/agora.xtec.cat\/ceipmisericordia-reus\/wp-json\/wp\/v2\/posts"}],"about":[{"href":"https:\/\/agora.xtec.cat\/ceipmisericordia-reus\/wp-json\/wp\/v2\/types\/post"}],"author":[{"embeddable":true,"href":"https:\/\/agora.xtec.cat\/ceipmisericordia-reus\/wp-json\/wp\/v2\/users\/4"}],"replies":[{"embeddable":true,"href":"https:\/\/agora.xtec.cat\/ceipmisericordia-reus\/wp-json\/wp\/v2\/comments?post=7752"}],"version-history":[{"count":1,"href":"https:\/\/agora.xtec.cat\/ceipmisericordia-reus\/wp-json\/wp\/v2\/posts\/7752\/revisions"}],"predecessor-version":[{"id":7754,"href":"https:\/\/agora.xtec.cat\/ceipmisericordia-reus\/wp-json\/wp\/v2\/posts\/7752\/revisions\/7754"}],"wp:attachment":[{"href":"https:\/\/agora.xtec.cat\/ceipmisericordia-reus\/wp-json\/wp\/v2\/media?parent=7752"}],"wp:term":[{"taxonomy":"category","embeddable":true,"href":"https:\/\/agora.xtec.cat\/ceipmisericordia-reus\/wp-json\/wp\/v2\/categories?post=7752"},{"taxonomy":"post_tag","embeddable":true,"href":"https:\/\/agora.xtec.cat\/ceipmisericordia-reus\/wp-json\/wp\/v2\/tags?post=7752"}],"curies":[{"name":"wp","href":"https:\/\/api.w.org\/{rel}","templated":true}]}}