{"id":7651,"date":"2022-02-04T13:39:49","date_gmt":"2022-02-04T12:39:49","guid":{"rendered":"https:\/\/agora.xtec.cat\/ceipmisericordia-reus\/?p=7651"},"modified":"2022-02-04T13:39:49","modified_gmt":"2022-02-04T12:39:49","slug":"som-escola-verda-comite-ambiental","status":"publish","type":"post","link":"https:\/\/agora.xtec.cat\/ceipmisericordia-reus\/general\/som-escola-verda-comite-ambiental\/","title":{"rendered":"Som Escola Verda &#8211; Comit\u00e8 Ambiental"},"content":{"rendered":"<p>Com sabeu, S\u00d3M ESCOLA VERDA i tenim un comit\u00e8 ambiental que \u00e9s l&#8217;encarregat d&#8217;anar dinamitzant diverses accions en aquest sentit.<\/p>\n<p>En aquesta ocasi\u00f3 la proposta ha estat la d&#8217;elaborar un cartell\/anunci\/activitat sobre el Medi Ambient.<\/p>\n<p>Tenim: un Diccionari del Clima; Energies Renovables\/No Renovables; les tres eRRRes&#8230;. entre moltes altres.<\/p>\n<p><a href=\"https:\/\/agora.xtec.cat\/ceipmisericordia-reus\/wp-content\/uploads\/usu2066\/2022\/02\/Escola-Verda.jpg\"><img loading=\"lazy\" decoding=\"async\" class=\"aligncenter size-medium wp-image-7652\" src=\"https:\/\/agora.xtec.cat\/ceipmisericordia-reus\/wp-content\/uploads\/usu2066\/2022\/02\/Escola-Verda-300x138.jpg\" alt=\"\" width=\"300\" height=\"138\" srcset=\"https:\/\/agora.xtec.cat\/ceipmisericordia-reus\/wp-content\/uploads\/usu2066\/2022\/02\/Escola-Verda-300x138.jpg 300w, https:\/\/agora.xtec.cat\/ceipmisericordia-reus\/wp-content\/uploads\/usu2066\/2022\/02\/Escola-Verda-1024x471.jpg 1024w, https:\/\/agora.xtec.cat\/ceipmisericordia-reus\/wp-content\/uploads\/usu2066\/2022\/02\/Escola-Verda-768x353.jpg 768w, https:\/\/agora.xtec.cat\/ceipmisericordia-reus\/wp-content\/uploads\/usu2066\/2022\/02\/Escola-Verda-1536x707.jpg 1536w, https:\/\/agora.xtec.cat\/ceipmisericordia-reus\/wp-content\/uploads\/usu2066\/2022\/02\/Escola-Verda.jpg 1600w\" sizes=\"auto, (max-width: 300px) 100vw, 300px\" \/><\/a><\/p>\n<p>&nbsp;<\/p>\n","protected":false},"excerpt":{"rendered":"<p>Com sabeu, S\u00d3M ESCOLA VERDA i tenim un comit\u00e8 ambiental que \u00e9s l&#8217;encarregat d&#8217;anar dinamitzant diverses accions en aquest sentit.<br \/>\nEn aquesta ocasi\u00f3 la proposta ha estat la d&#8217;elaborar un cartell\/anunci\/activitat sobre el Medi Ambient.<br \/>\nTenim: un Diccionari del Clima; Energies Renovables\/No Renovables; les tres eRRRes&#8230;. entre&hellip;  <a href=\"https:\/\/agora.xtec.cat\/ceipmisericordia-reus\/general\/som-escola-verda-comite-ambiental\/\" title=\"Read Som Escola Verda &#8211; Comit\u00e8 Ambiental\">Llegeix m\u00e9s\u00bb<\/a><\/p>\n","protected":false},"author":4,"featured_media":0,"comment_status":"open","ping_status":"closed","sticky":false,"template":"","format":"standard","meta":{"_bbp_topic_count":0,"_bbp_reply_count":0,"_bbp_total_topic_count":0,"_bbp_total_reply_count":0,"_bbp_voice_count":0,"_bbp_anonymous_reply_count":0,"_bbp_topic_count_hidden":0,"_bbp_reply_count_hidden":0,"_bbp_forum_subforum_count":0,"footnotes":""},"categories":[70,62,190,1,87,97,4],"tags":[],"class_list":["post-7651","post","type-post","status-publish","format-standard","hentry","category-comite-ambiental","category-escola-verda","category-escola-verda-escola-verda","category-general","category-hort","category-noticies","category-portada"],"post_mailing_queue_ids":[],"_links":{"self":[{"href":"https:\/\/agora.xtec.cat\/ceipmisericordia-reus\/wp-json\/wp\/v2\/posts\/7651","targetHints":{"allow":["GET"]}}],"collection":[{"href":"https:\/\/agora.xtec.cat\/ceipmisericordia-reus\/wp-json\/wp\/v2\/posts"}],"about":[{"href":"https:\/\/agora.xtec.cat\/ceipmisericordia-reus\/wp-json\/wp\/v2\/types\/post"}],"author":[{"embeddable":true,"href":"https:\/\/agora.xtec.cat\/ceipmisericordia-reus\/wp-json\/wp\/v2\/users\/4"}],"replies":[{"embeddable":true,"href":"https:\/\/agora.xtec.cat\/ceipmisericordia-reus\/wp-json\/wp\/v2\/comments?post=7651"}],"version-history":[{"count":1,"href":"https:\/\/agora.xtec.cat\/ceipmisericordia-reus\/wp-json\/wp\/v2\/posts\/7651\/revisions"}],"predecessor-version":[{"id":7653,"href":"https:\/\/agora.xtec.cat\/ceipmisericordia-reus\/wp-json\/wp\/v2\/posts\/7651\/revisions\/7653"}],"wp:attachment":[{"href":"https:\/\/agora.xtec.cat\/ceipmisericordia-reus\/wp-json\/wp\/v2\/media?parent=7651"}],"wp:term":[{"taxonomy":"category","embeddable":true,"href":"https:\/\/agora.xtec.cat\/ceipmisericordia-reus\/wp-json\/wp\/v2\/categories?post=7651"},{"taxonomy":"post_tag","embeddable":true,"href":"https:\/\/agora.xtec.cat\/ceipmisericordia-reus\/wp-json\/wp\/v2\/tags?post=7651"}],"curies":[{"name":"wp","href":"https:\/\/api.w.org\/{rel}","templated":true}]}}